{"id":2079,"date":"2021-08-17T14:34:00","date_gmt":"2021-08-17T14:34:00","guid":{"rendered":"http:\/\/apdea.com.ar\/web\/?p=2079"},"modified":"2021-09-23T14:36:52","modified_gmt":"2021-09-23T14:36:52","slug":"apdea-informa-poeticas-de-reexistencias","status":"publish","type":"post","link":"https:\/\/apdea.com.ar\/web\/apdea-informa-poeticas-de-reexistencias\/","title":{"rendered":"Apdea Informa: Po\u00e9ticas de reexistencias."},"content":{"rendered":"\n<figure class=\"wp-block-image size-large\"><a href=\"http:\/\/apdea.com.ar\/web\/wp-content\/uploads\/2021\/09\/WhatsApp-Image-2021-08-14-at-14.58.52.jpeg\"><img fetchpriority=\"high\" decoding=\"async\" width=\"819\" height=\"1024\" src=\"http:\/\/apdea.com.ar\/web\/wp-content\/uploads\/2021\/09\/WhatsApp-Image-2021-08-14-at-14.58.52-819x1024.jpeg\" alt=\"\" class=\"wp-image-2080\" srcset=\"https:\/\/apdea.com.ar\/web\/wp-content\/uploads\/2021\/09\/WhatsApp-Image-2021-08-14-at-14.58.52-819x1024.jpeg 819w, https:\/\/apdea.com.ar\/web\/wp-content\/uploads\/2021\/09\/WhatsApp-Image-2021-08-14-at-14.58.52-240x300.jpeg 240w, https:\/\/apdea.com.ar\/web\/wp-content\/uploads\/2021\/09\/WhatsApp-Image-2021-08-14-at-14.58.52-768x960.jpeg 768w, https:\/\/apdea.com.ar\/web\/wp-content\/uploads\/2021\/09\/WhatsApp-Image-2021-08-14-at-14.58.52-48x60.jpeg 48w, https:\/\/apdea.com.ar\/web\/wp-content\/uploads\/2021\/09\/WhatsApp-Image-2021-08-14-at-14.58.52-600x750.jpeg 600w, https:\/\/apdea.com.ar\/web\/wp-content\/uploads\/2021\/09\/WhatsApp-Image-2021-08-14-at-14.58.52.jpeg 1024w\" sizes=\"(max-width: 819px) 100vw, 819px\" \/><\/a><\/figure>\n\n\n\n<p>La Comisi\u00f3n de G\u00e9nero de Argentores realizar\u00e1 el pr\u00f3ximo s\u00e1bado 21 de agosto, a las 18, a trav\u00e9s de la plataforma Zoom, un conversatorio bajo la tem\u00e1tica \u201cPo\u00e9ticas de ReExistencias. Hacia un paradigma de equidad e inclusi\u00f3n\u201d, que abordar\u00e1 el desaf\u00edo de poner en concordancia el discurso con la pr\u00e1ctica esc\u00e9nica.<br>Inscripci\u00f3n previa comisiondegenero@argentores.org.ar<\/p>\n","protected":false},"excerpt":{"rendered":"<p>La Comisi\u00f3n de G\u00e9nero de Argentores realizar\u00e1 el pr\u00f3ximo s\u00e1bado 21 de agosto, a las 18, a trav\u00e9s de la plataforma Zoom, un conversatorio bajo la tem\u00e1tica \u201cPo\u00e9ticas de ReExistencias. Hacia un paradigma de equidad e inclusi\u00f3n\u201d, que abordar\u00e1 el desaf\u00edo de poner en concordancia el discurso con la pr\u00e1ctica esc\u00e9nica.Inscripci\u00f3n previa comisiondegenero@argentores.org.ar<\/p>\n","protected":false},"author":5,"featured_media":2080,"comment_status":"open","ping_status":"open","sticky":false,"template":"","format":"standard","meta":{"footnotes":""},"categories":[14],"tags":[],"class_list":{"0":"post-2079","1":"post","2":"type-post","3":"status-publish","4":"format-standard","5":"has-post-thumbnail","6":"hentry","7":"category-prensa","9":"post-with-thumbnail","10":"post-with-thumbnail-large"},"rttpg_featured_image_url":{"full":["https:\/\/apdea.com.ar\/web\/wp-content\/uploads\/2021\/09\/WhatsApp-Image-2021-08-14-at-14.58.52.jpeg",1024,1280,false],"landscape":["https:\/\/apdea.com.ar\/web\/wp-content\/uploads\/2021\/09\/WhatsApp-Image-2021-08-14-at-14.58.52.jpeg",1024,1280,false],"portraits":["https:\/\/apdea.com.ar\/web\/wp-content\/uploads\/2021\/09\/WhatsApp-Image-2021-08-14-at-14.58.52.jpeg",1024,1280,false],"thumbnail":["https:\/\/apdea.com.ar\/web\/wp-content\/uploads\/2021\/09\/WhatsApp-Image-2021-08-14-at-14.58.52-150x150.jpeg",150,150,true],"medium":["https:\/\/apdea.com.ar\/web\/wp-content\/uploads\/2021\/09\/WhatsApp-Image-2021-08-14-at-14.58.52-240x300.jpeg",240,300,true],"large":["https:\/\/apdea.com.ar\/web\/wp-content\/uploads\/2021\/09\/WhatsApp-Image-2021-08-14-at-14.58.52-819x1024.jpeg",720,900,true],"post-slider-thumb-size":["https:\/\/apdea.com.ar\/web\/wp-content\/uploads\/2021\/09\/WhatsApp-Image-2021-08-14-at-14.58.52-330x190.jpeg",330,190,true],"1536x1536":["https:\/\/apdea.com.ar\/web\/wp-content\/uploads\/2021\/09\/WhatsApp-Image-2021-08-14-at-14.58.52.jpeg",1024,1280,false],"2048x2048":["https:\/\/apdea.com.ar\/web\/wp-content\/uploads\/2021\/09\/WhatsApp-Image-2021-08-14-at-14.58.52.jpeg",1024,1280,false],"post-thumbnail":["https:\/\/apdea.com.ar\/web\/wp-content\/uploads\/2021\/09\/WhatsApp-Image-2021-08-14-at-14.58.52.jpeg",304,380,false],"vantage-thumbnail-no-sidebar":["https:\/\/apdea.com.ar\/web\/wp-content\/uploads\/2021\/09\/WhatsApp-Image-2021-08-14-at-14.58.52.jpeg",304,380,false],"vantage-slide":["https:\/\/apdea.com.ar\/web\/wp-content\/uploads\/2021\/09\/WhatsApp-Image-2021-08-14-at-14.58.52.jpeg",384,480,false],"vantage-carousel":["https:\/\/apdea.com.ar\/web\/wp-content\/uploads\/2021\/09\/WhatsApp-Image-2021-08-14-at-14.58.52.jpeg",146,182,false],"vantage-grid-loop":["https:\/\/apdea.com.ar\/web\/wp-content\/uploads\/2021\/09\/WhatsApp-Image-2021-08-14-at-14.58.52.jpeg",218,272,false],"woocommerce_thumbnail":["https:\/\/apdea.com.ar\/web\/wp-content\/uploads\/2021\/09\/WhatsApp-Image-2021-08-14-at-14.58.52-300x300.jpeg",300,300,true],"woocommerce_single":["https:\/\/apdea.com.ar\/web\/wp-content\/uploads\/2021\/09\/WhatsApp-Image-2021-08-14-at-14.58.52-600x750.jpeg",600,750,true],"woocommerce_gallery_thumbnail":["https:\/\/apdea.com.ar\/web\/wp-content\/uploads\/2021\/09\/WhatsApp-Image-2021-08-14-at-14.58.52-100x100.jpeg",100,100,true],"sow-carousel-default":["https:\/\/apdea.com.ar\/web\/wp-content\/uploads\/2021\/09\/WhatsApp-Image-2021-08-14-at-14.58.52.jpeg",146,182,false]},"rttpg_author":{"display_name":"Comisi\u00f3n de Comunicaci\u00f3n","author_link":"https:\/\/apdea.com.ar\/web\/author\/comision_de_comunicacion\/"},"rttpg_comment":0,"rttpg_category":"<a href=\"https:\/\/apdea.com.ar\/web\/category\/prensa\/\" rel=\"category tag\">Prensa &amp; difusi\u00f3n<\/a>","rttpg_excerpt":"La Comisi\u00f3n de G\u00e9nero de Argentores realizar\u00e1 el pr\u00f3ximo s\u00e1bado 21 de agosto, a las 18, a trav\u00e9s de la plataforma Zoom, un conversatorio bajo la tem\u00e1tica \u201cPo\u00e9ticas de ReExistencias. Hacia un paradigma de equidad e inclusi\u00f3n\u201d, que abordar\u00e1 el desaf\u00edo de poner en concordancia el discurso con la pr\u00e1ctica esc\u00e9nica.Inscripci\u00f3n previa comisiondegenero@argentores.org.ar","_links":{"self":[{"href":"https:\/\/apdea.com.ar\/web\/wp-json\/wp\/v2\/posts\/2079","targetHints":{"allow":["GET"]}}],"collection":[{"href":"https:\/\/apdea.com.ar\/web\/wp-json\/wp\/v2\/posts"}],"about":[{"href":"https:\/\/apdea.com.ar\/web\/wp-json\/wp\/v2\/types\/post"}],"author":[{"embeddable":true,"href":"https:\/\/apdea.com.ar\/web\/wp-json\/wp\/v2\/users\/5"}],"replies":[{"embeddable":true,"href":"https:\/\/apdea.com.ar\/web\/wp-json\/wp\/v2\/comments?post=2079"}],"version-history":[{"count":2,"href":"https:\/\/apdea.com.ar\/web\/wp-json\/wp\/v2\/posts\/2079\/revisions"}],"predecessor-version":[{"id":2083,"href":"https:\/\/apdea.com.ar\/web\/wp-json\/wp\/v2\/posts\/2079\/revisions\/2083"}],"wp:featuredmedia":[{"embeddable":true,"href":"https:\/\/apdea.com.ar\/web\/wp-json\/wp\/v2\/media\/2080"}],"wp:attachment":[{"href":"https:\/\/apdea.com.ar\/web\/wp-json\/wp\/v2\/media?parent=2079"}],"wp:term":[{"taxonomy":"category","embeddable":true,"href":"https:\/\/apdea.com.ar\/web\/wp-json\/wp\/v2\/categories?post=2079"},{"taxonomy":"post_tag","embeddable":true,"href":"https:\/\/apdea.com.ar\/web\/wp-json\/wp\/v2\/tags?post=2079"}],"curies":[{"name":"wp","href":"https:\/\/api.w.org\/{rel}","templated":true}]}}