{"id":2096,"date":"2021-09-08T14:44:00","date_gmt":"2021-09-08T14:44:00","guid":{"rendered":"http:\/\/apdea.com.ar\/web\/?p=2096"},"modified":"2021-09-23T14:46:21","modified_gmt":"2021-09-23T14:46:21","slug":"apdea-informa-mes-de-la-cultura-independiente","status":"publish","type":"post","link":"https:\/\/apdea.com.ar\/web\/apdea-informa-mes-de-la-cultura-independiente\/","title":{"rendered":"Apdea Informa: Mes de la Cultura Independiente"},"content":{"rendered":"\n<figure class=\"wp-block-image size-large\"><a href=\"http:\/\/apdea.com.ar\/web\/wp-content\/uploads\/2021\/09\/WhatsApp-Image-2021-09-07-at-17.37.20.jpeg\"><img fetchpriority=\"high\" decoding=\"async\" width=\"819\" height=\"1024\" src=\"http:\/\/apdea.com.ar\/web\/wp-content\/uploads\/2021\/09\/WhatsApp-Image-2021-09-07-at-17.37.20-819x1024.jpeg\" alt=\"\" class=\"wp-image-2097\" srcset=\"https:\/\/apdea.com.ar\/web\/wp-content\/uploads\/2021\/09\/WhatsApp-Image-2021-09-07-at-17.37.20-819x1024.jpeg 819w, https:\/\/apdea.com.ar\/web\/wp-content\/uploads\/2021\/09\/WhatsApp-Image-2021-09-07-at-17.37.20-240x300.jpeg 240w, https:\/\/apdea.com.ar\/web\/wp-content\/uploads\/2021\/09\/WhatsApp-Image-2021-09-07-at-17.37.20-768x960.jpeg 768w, https:\/\/apdea.com.ar\/web\/wp-content\/uploads\/2021\/09\/WhatsApp-Image-2021-09-07-at-17.37.20-48x60.jpeg 48w, https:\/\/apdea.com.ar\/web\/wp-content\/uploads\/2021\/09\/WhatsApp-Image-2021-09-07-at-17.37.20-600x750.jpeg 600w, https:\/\/apdea.com.ar\/web\/wp-content\/uploads\/2021\/09\/WhatsApp-Image-2021-09-07-at-17.37.20.jpeg 1024w\" sizes=\"(max-width: 819px) 100vw, 819px\" \/><\/a><\/figure>\n\n\n\n<p>*MES DE LA CULTURA INDEPENDIENTE EN CABA*<br>*Convocatoria para artistas y espacios culturales* &#x1f3ad;<\/p>\n\n\n\n<p>Si sos *artista* o ten\u00e9s un *espacio cultural* en la Ciudad de Buenos Aires, particip\u00e1 de la convocatoria y form\u00e1 parte de la programaci\u00f3n del *Mes de la Cultura Independiente* en noviembre &#x1f5d3;<\/p>\n\n\n\n<p>Los proyectos seleccionados recibir\u00e1n un apoyo econ\u00f3mico de hasta $150.000 para espacios y $80.000 para artistas<\/p>\n\n\n\n<p>Ten\u00e9s tiempo de anotarte desde el 03\/09 hasta el 15\/09 &#x23f0;<\/p>\n\n\n\n<p>Inscribite ahora en https:\/\/www.buenosaires.gob.ar\/cultura\/mes-de-la-cultura-independiente &#x1f4bb;&#x1f4f1;<\/p>\n","protected":false},"excerpt":{"rendered":"<p>*MES DE LA CULTURA INDEPENDIENTE EN CABA**Convocatoria para artistas y espacios culturales* &#x1f3ad; Si sos *artista* o ten\u00e9s un *espacio cultural* en la Ciudad de Buenos Aires, particip\u00e1 de la convocatoria y form\u00e1 parte de la programaci\u00f3n del *Mes de la Cultura Independiente* en noviembre &#x1f5d3; Los proyectos seleccionados recibir\u00e1n un apoyo econ\u00f3mico de hasta [&hellip;]<\/p>\n","protected":false},"author":5,"featured_media":2097,"comment_status":"open","ping_status":"open","sticky":false,"template":"","format":"standard","meta":{"footnotes":""},"categories":[14],"tags":[],"class_list":{"0":"post-2096","1":"post","2":"type-post","3":"status-publish","4":"format-standard","5":"has-post-thumbnail","6":"hentry","7":"category-prensa","9":"post-with-thumbnail","10":"post-with-thumbnail-large"},"rttpg_featured_image_url":{"full":["https:\/\/apdea.com.ar\/web\/wp-content\/uploads\/2021\/09\/WhatsApp-Image-2021-09-07-at-17.37.20.jpeg",1024,1280,false],"landscape":["https:\/\/apdea.com.ar\/web\/wp-content\/uploads\/2021\/09\/WhatsApp-Image-2021-09-07-at-17.37.20.jpeg",1024,1280,false],"portraits":["https:\/\/apdea.com.ar\/web\/wp-content\/uploads\/2021\/09\/WhatsApp-Image-2021-09-07-at-17.37.20.jpeg",1024,1280,false],"thumbnail":["https:\/\/apdea.com.ar\/web\/wp-content\/uploads\/2021\/09\/WhatsApp-Image-2021-09-07-at-17.37.20-150x150.jpeg",150,150,true],"medium":["https:\/\/apdea.com.ar\/web\/wp-content\/uploads\/2021\/09\/WhatsApp-Image-2021-09-07-at-17.37.20-240x300.jpeg",240,300,true],"large":["https:\/\/apdea.com.ar\/web\/wp-content\/uploads\/2021\/09\/WhatsApp-Image-2021-09-07-at-17.37.20-819x1024.jpeg",720,900,true],"post-slider-thumb-size":["https:\/\/apdea.com.ar\/web\/wp-content\/uploads\/2021\/09\/WhatsApp-Image-2021-09-07-at-17.37.20-330x190.jpeg",330,190,true],"1536x1536":["https:\/\/apdea.com.ar\/web\/wp-content\/uploads\/2021\/09\/WhatsApp-Image-2021-09-07-at-17.37.20.jpeg",1024,1280,false],"2048x2048":["https:\/\/apdea.com.ar\/web\/wp-content\/uploads\/2021\/09\/WhatsApp-Image-2021-09-07-at-17.37.20.jpeg",1024,1280,false],"post-thumbnail":["https:\/\/apdea.com.ar\/web\/wp-content\/uploads\/2021\/09\/WhatsApp-Image-2021-09-07-at-17.37.20.jpeg",304,380,false],"vantage-thumbnail-no-sidebar":["https:\/\/apdea.com.ar\/web\/wp-content\/uploads\/2021\/09\/WhatsApp-Image-2021-09-07-at-17.37.20.jpeg",304,380,false],"vantage-slide":["https:\/\/apdea.com.ar\/web\/wp-content\/uploads\/2021\/09\/WhatsApp-Image-2021-09-07-at-17.37.20.jpeg",384,480,false],"vantage-carousel":["https:\/\/apdea.com.ar\/web\/wp-content\/uploads\/2021\/09\/WhatsApp-Image-2021-09-07-at-17.37.20.jpeg",146,182,false],"vantage-grid-loop":["https:\/\/apdea.com.ar\/web\/wp-content\/uploads\/2021\/09\/WhatsApp-Image-2021-09-07-at-17.37.20.jpeg",218,272,false],"woocommerce_thumbnail":["https:\/\/apdea.com.ar\/web\/wp-content\/uploads\/2021\/09\/WhatsApp-Image-2021-09-07-at-17.37.20-300x300.jpeg",300,300,true],"woocommerce_single":["https:\/\/apdea.com.ar\/web\/wp-content\/uploads\/2021\/09\/WhatsApp-Image-2021-09-07-at-17.37.20-600x750.jpeg",600,750,true],"woocommerce_gallery_thumbnail":["https:\/\/apdea.com.ar\/web\/wp-content\/uploads\/2021\/09\/WhatsApp-Image-2021-09-07-at-17.37.20-100x100.jpeg",100,100,true],"sow-carousel-default":["https:\/\/apdea.com.ar\/web\/wp-content\/uploads\/2021\/09\/WhatsApp-Image-2021-09-07-at-17.37.20.jpeg",146,182,false]},"rttpg_author":{"display_name":"Comisi\u00f3n de Comunicaci\u00f3n","author_link":"https:\/\/apdea.com.ar\/web\/author\/comision_de_comunicacion\/"},"rttpg_comment":0,"rttpg_category":"<a href=\"https:\/\/apdea.com.ar\/web\/category\/prensa\/\" rel=\"category tag\">Prensa &amp; difusi\u00f3n<\/a>","rttpg_excerpt":"*MES DE LA CULTURA INDEPENDIENTE EN CABA**Convocatoria para artistas y espacios culturales* &#x1f3ad; Si sos *artista* o ten\u00e9s un *espacio cultural* en la Ciudad de Buenos Aires, particip\u00e1 de la convocatoria y form\u00e1 parte de la programaci\u00f3n del *Mes de la Cultura Independiente* en noviembre &#x1f5d3; Los proyectos seleccionados recibir\u00e1n un apoyo econ\u00f3mico de hasta&hellip;","_links":{"self":[{"href":"https:\/\/apdea.com.ar\/web\/wp-json\/wp\/v2\/posts\/2096","targetHints":{"allow":["GET"]}}],"collection":[{"href":"https:\/\/apdea.com.ar\/web\/wp-json\/wp\/v2\/posts"}],"about":[{"href":"https:\/\/apdea.com.ar\/web\/wp-json\/wp\/v2\/types\/post"}],"author":[{"embeddable":true,"href":"https:\/\/apdea.com.ar\/web\/wp-json\/wp\/v2\/users\/5"}],"replies":[{"embeddable":true,"href":"https:\/\/apdea.com.ar\/web\/wp-json\/wp\/v2\/comments?post=2096"}],"version-history":[{"count":1,"href":"https:\/\/apdea.com.ar\/web\/wp-json\/wp\/v2\/posts\/2096\/revisions"}],"predecessor-version":[{"id":2098,"href":"https:\/\/apdea.com.ar\/web\/wp-json\/wp\/v2\/posts\/2096\/revisions\/2098"}],"wp:featuredmedia":[{"embeddable":true,"href":"https:\/\/apdea.com.ar\/web\/wp-json\/wp\/v2\/media\/2097"}],"wp:attachment":[{"href":"https:\/\/apdea.com.ar\/web\/wp-json\/wp\/v2\/media?parent=2096"}],"wp:term":[{"taxonomy":"category","embeddable":true,"href":"https:\/\/apdea.com.ar\/web\/wp-json\/wp\/v2\/categories?post=2096"},{"taxonomy":"post_tag","embeddable":true,"href":"https:\/\/apdea.com.ar\/web\/wp-json\/wp\/v2\/tags?post=2096"}],"curies":[{"name":"wp","href":"https:\/\/api.w.org\/{rel}","templated":true}]}}