{"id":2489,"date":"2022-05-01T21:14:00","date_gmt":"2022-05-02T00:14:00","guid":{"rendered":"http:\/\/apdea.com.ar\/web\/?p=2489"},"modified":"2022-06-20T21:17:45","modified_gmt":"2022-06-21T00:17:45","slug":"jornada-federal-cultura-soberania-y-trabajo-argentino","status":"publish","type":"post","link":"https:\/\/apdea.com.ar\/web\/jornada-federal-cultura-soberania-y-trabajo-argentino\/","title":{"rendered":"Jornada Federal: Cultura, Soberan\u00eda y Trabajo Argentino."},"content":{"rendered":"\n<figure class=\"wp-block-image size-large\"><a href=\"http:\/\/apdea.com.ar\/web\/wp-content\/uploads\/2022\/06\/WhatsApp-Image-2022-06-20-at-9.16.16-PM.jpeg\"><img fetchpriority=\"high\" decoding=\"async\" width=\"1024\" height=\"1018\" src=\"http:\/\/apdea.com.ar\/web\/wp-content\/uploads\/2022\/06\/WhatsApp-Image-2022-06-20-at-9.16.16-PM-1024x1018.jpeg\" alt=\"\" class=\"wp-image-2490\" srcset=\"https:\/\/apdea.com.ar\/web\/wp-content\/uploads\/2022\/06\/WhatsApp-Image-2022-06-20-at-9.16.16-PM-1024x1018.jpeg 1024w, https:\/\/apdea.com.ar\/web\/wp-content\/uploads\/2022\/06\/WhatsApp-Image-2022-06-20-at-9.16.16-PM-300x298.jpeg 300w, https:\/\/apdea.com.ar\/web\/wp-content\/uploads\/2022\/06\/WhatsApp-Image-2022-06-20-at-9.16.16-PM-150x150.jpeg 150w, https:\/\/apdea.com.ar\/web\/wp-content\/uploads\/2022\/06\/WhatsApp-Image-2022-06-20-at-9.16.16-PM-768x763.jpeg 768w, https:\/\/apdea.com.ar\/web\/wp-content\/uploads\/2022\/06\/WhatsApp-Image-2022-06-20-at-9.16.16-PM-60x60.jpeg 60w, https:\/\/apdea.com.ar\/web\/wp-content\/uploads\/2022\/06\/WhatsApp-Image-2022-06-20-at-9.16.16-PM-600x596.jpeg 600w, https:\/\/apdea.com.ar\/web\/wp-content\/uploads\/2022\/06\/WhatsApp-Image-2022-06-20-at-9.16.16-PM-100x100.jpeg 100w, https:\/\/apdea.com.ar\/web\/wp-content\/uploads\/2022\/06\/WhatsApp-Image-2022-06-20-at-9.16.16-PM.jpeg 1170w\" sizes=\"(max-width: 1024px) 100vw, 1024px\" \/><\/a><\/figure>\n\n\n\n<p>El pr\u00f3ximo lunes 2 de mayo a las 18hs se desarrollar\u00e1 en todo el pa\u00eds la Jornada Federal: \u201cCultura, Soberan\u00eda y Trabajo argentino\u201d para visibilizar la necesidad de mantener los recursos espec\u00edficos que le dan autonom\u00eda presupuestaria al INT, INAMU, INCAA, RTA S.E., ENACOM, DEFENSOR\u00cdA DEL P\u00daBLICO DE SERVICIOS DE<br>COMUNICACI\u00d3N AUDIOVISUAL y a las BIBLIOTECAS POPULARES a trav\u00e9s de la CONABIP.<\/p>\n\n\n\n<p>Para conocer toda la informaci\u00f3n &#x1f449; inteatro.gob.ar<\/p>\n","protected":false},"excerpt":{"rendered":"<p>El pr\u00f3ximo lunes 2 de mayo a las 18hs se desarrollar\u00e1 en todo el pa\u00eds la Jornada Federal: \u201cCultura, Soberan\u00eda y Trabajo argentino\u201d para visibilizar la necesidad de mantener los recursos espec\u00edficos que le dan autonom\u00eda presupuestaria al INT, INAMU, INCAA, RTA S.E., ENACOM, DEFENSOR\u00cdA DEL P\u00daBLICO DE SERVICIOS DECOMUNICACI\u00d3N AUDIOVISUAL y a las BIBLIOTECAS [&hellip;]<\/p>\n","protected":false},"author":5,"featured_media":2490,"comment_status":"open","ping_status":"open","sticky":false,"template":"","format":"standard","meta":{"footnotes":""},"categories":[14],"tags":[],"class_list":{"0":"post-2489","1":"post","2":"type-post","3":"status-publish","4":"format-standard","5":"has-post-thumbnail","6":"hentry","7":"category-prensa","9":"post-with-thumbnail","10":"post-with-thumbnail-large"},"rttpg_featured_image_url":{"full":["https:\/\/apdea.com.ar\/web\/wp-content\/uploads\/2022\/06\/WhatsApp-Image-2022-06-20-at-9.16.16-PM.jpeg",1170,1163,false],"landscape":["https:\/\/apdea.com.ar\/web\/wp-content\/uploads\/2022\/06\/WhatsApp-Image-2022-06-20-at-9.16.16-PM.jpeg",1170,1163,false],"portraits":["https:\/\/apdea.com.ar\/web\/wp-content\/uploads\/2022\/06\/WhatsApp-Image-2022-06-20-at-9.16.16-PM.jpeg",1170,1163,false],"thumbnail":["https:\/\/apdea.com.ar\/web\/wp-content\/uploads\/2022\/06\/WhatsApp-Image-2022-06-20-at-9.16.16-PM-150x150.jpeg",150,150,true],"medium":["https:\/\/apdea.com.ar\/web\/wp-content\/uploads\/2022\/06\/WhatsApp-Image-2022-06-20-at-9.16.16-PM-300x298.jpeg",300,298,true],"large":["https:\/\/apdea.com.ar\/web\/wp-content\/uploads\/2022\/06\/WhatsApp-Image-2022-06-20-at-9.16.16-PM-1024x1018.jpeg",720,716,true],"post-slider-thumb-size":["https:\/\/apdea.com.ar\/web\/wp-content\/uploads\/2022\/06\/WhatsApp-Image-2022-06-20-at-9.16.16-PM-330x190.jpeg",330,190,true],"1536x1536":["https:\/\/apdea.com.ar\/web\/wp-content\/uploads\/2022\/06\/WhatsApp-Image-2022-06-20-at-9.16.16-PM.jpeg",1170,1163,false],"2048x2048":["https:\/\/apdea.com.ar\/web\/wp-content\/uploads\/2022\/06\/WhatsApp-Image-2022-06-20-at-9.16.16-PM.jpeg",1170,1163,false],"post-thumbnail":["https:\/\/apdea.com.ar\/web\/wp-content\/uploads\/2022\/06\/WhatsApp-Image-2022-06-20-at-9.16.16-PM.jpeg",382,380,false],"vantage-thumbnail-no-sidebar":["https:\/\/apdea.com.ar\/web\/wp-content\/uploads\/2022\/06\/WhatsApp-Image-2022-06-20-at-9.16.16-PM.jpeg",382,380,false],"vantage-slide":["https:\/\/apdea.com.ar\/web\/wp-content\/uploads\/2022\/06\/WhatsApp-Image-2022-06-20-at-9.16.16-PM.jpeg",483,480,false],"vantage-carousel":["https:\/\/apdea.com.ar\/web\/wp-content\/uploads\/2022\/06\/WhatsApp-Image-2022-06-20-at-9.16.16-PM.jpeg",183,182,false],"vantage-grid-loop":["https:\/\/apdea.com.ar\/web\/wp-content\/uploads\/2022\/06\/WhatsApp-Image-2022-06-20-at-9.16.16-PM.jpeg",274,272,false],"woocommerce_thumbnail":["https:\/\/apdea.com.ar\/web\/wp-content\/uploads\/2022\/06\/WhatsApp-Image-2022-06-20-at-9.16.16-PM-300x300.jpeg",300,300,true],"woocommerce_single":["https:\/\/apdea.com.ar\/web\/wp-content\/uploads\/2022\/06\/WhatsApp-Image-2022-06-20-at-9.16.16-PM-600x596.jpeg",600,596,true],"woocommerce_gallery_thumbnail":["https:\/\/apdea.com.ar\/web\/wp-content\/uploads\/2022\/06\/WhatsApp-Image-2022-06-20-at-9.16.16-PM-100x100.jpeg",100,100,true],"sow-carousel-default":["https:\/\/apdea.com.ar\/web\/wp-content\/uploads\/2022\/06\/WhatsApp-Image-2022-06-20-at-9.16.16-PM.jpeg",183,182,false]},"rttpg_author":{"display_name":"Comisi\u00f3n de Comunicaci\u00f3n","author_link":"https:\/\/apdea.com.ar\/web\/author\/comision_de_comunicacion\/"},"rttpg_comment":0,"rttpg_category":"<a href=\"https:\/\/apdea.com.ar\/web\/category\/prensa\/\" rel=\"category tag\">Prensa &amp; difusi\u00f3n<\/a>","rttpg_excerpt":"El pr\u00f3ximo lunes 2 de mayo a las 18hs se desarrollar\u00e1 en todo el pa\u00eds la Jornada Federal: \u201cCultura, Soberan\u00eda y Trabajo argentino\u201d para visibilizar la necesidad de mantener los recursos espec\u00edficos que le dan autonom\u00eda presupuestaria al INT, INAMU, INCAA, RTA S.E., ENACOM, DEFENSOR\u00cdA DEL P\u00daBLICO DE SERVICIOS DECOMUNICACI\u00d3N AUDIOVISUAL y a las BIBLIOTECAS&hellip;","_links":{"self":[{"href":"https:\/\/apdea.com.ar\/web\/wp-json\/wp\/v2\/posts\/2489","targetHints":{"allow":["GET"]}}],"collection":[{"href":"https:\/\/apdea.com.ar\/web\/wp-json\/wp\/v2\/posts"}],"about":[{"href":"https:\/\/apdea.com.ar\/web\/wp-json\/wp\/v2\/types\/post"}],"author":[{"embeddable":true,"href":"https:\/\/apdea.com.ar\/web\/wp-json\/wp\/v2\/users\/5"}],"replies":[{"embeddable":true,"href":"https:\/\/apdea.com.ar\/web\/wp-json\/wp\/v2\/comments?post=2489"}],"version-history":[{"count":1,"href":"https:\/\/apdea.com.ar\/web\/wp-json\/wp\/v2\/posts\/2489\/revisions"}],"predecessor-version":[{"id":2491,"href":"https:\/\/apdea.com.ar\/web\/wp-json\/wp\/v2\/posts\/2489\/revisions\/2491"}],"wp:featuredmedia":[{"embeddable":true,"href":"https:\/\/apdea.com.ar\/web\/wp-json\/wp\/v2\/media\/2490"}],"wp:attachment":[{"href":"https:\/\/apdea.com.ar\/web\/wp-json\/wp\/v2\/media?parent=2489"}],"wp:term":[{"taxonomy":"category","embeddable":true,"href":"https:\/\/apdea.com.ar\/web\/wp-json\/wp\/v2\/categories?post=2489"},{"taxonomy":"post_tag","embeddable":true,"href":"https:\/\/apdea.com.ar\/web\/wp-json\/wp\/v2\/tags?post=2489"}],"curies":[{"name":"wp","href":"https:\/\/api.w.org\/{rel}","templated":true}]}}