{"id":2710,"date":"2022-09-29T13:28:00","date_gmt":"2022-09-29T16:28:00","guid":{"rendered":"http:\/\/apdea.com.ar\/web\/?p=2710"},"modified":"2022-10-09T13:30:35","modified_gmt":"2022-10-09T16:30:35","slug":"actividades-especiales-fiesta-nacional-del-teatro-en-chaco","status":"publish","type":"post","link":"https:\/\/apdea.com.ar\/web\/actividades-especiales-fiesta-nacional-del-teatro-en-chaco\/","title":{"rendered":"Actividades Especiales: Fiesta Nacional del Teatro en Chaco"},"content":{"rendered":"\n<figure class=\"wp-block-image size-large\"><a href=\"http:\/\/apdea.com.ar\/web\/wp-content\/uploads\/2022\/10\/Copia-de-WhatsApp-Image-2022-09-29-at-1.16.33-PM.jpeg\"><img fetchpriority=\"high\" decoding=\"async\" width=\"549\" height=\"1024\" src=\"http:\/\/apdea.com.ar\/web\/wp-content\/uploads\/2022\/10\/Copia-de-WhatsApp-Image-2022-09-29-at-1.16.33-PM-549x1024.jpeg\" alt=\"\" class=\"wp-image-2711\" srcset=\"https:\/\/apdea.com.ar\/web\/wp-content\/uploads\/2022\/10\/Copia-de-WhatsApp-Image-2022-09-29-at-1.16.33-PM-549x1024.jpeg 549w, https:\/\/apdea.com.ar\/web\/wp-content\/uploads\/2022\/10\/Copia-de-WhatsApp-Image-2022-09-29-at-1.16.33-PM-161x300.jpeg 161w, https:\/\/apdea.com.ar\/web\/wp-content\/uploads\/2022\/10\/Copia-de-WhatsApp-Image-2022-09-29-at-1.16.33-PM-32x60.jpeg 32w, https:\/\/apdea.com.ar\/web\/wp-content\/uploads\/2022\/10\/Copia-de-WhatsApp-Image-2022-09-29-at-1.16.33-PM-600x1120.jpeg 600w, https:\/\/apdea.com.ar\/web\/wp-content\/uploads\/2022\/10\/Copia-de-WhatsApp-Image-2022-09-29-at-1.16.33-PM.jpeg 686w\" sizes=\"(max-width: 549px) 100vw, 549px\" \/><\/a><\/figure>\n\n\n\n<p>&#x1f539;Actividades especiales&#x1f539;<\/p>\n\n\n\n<p>Charla informativa para trabajadores y trabajadoras de las artes esc\u00e9nicas: \u201cPensando los derechos de la Puesta en Escena\u201d a cargo del Secretario de la Asociaci\u00f3n de Profesionales de la Direcci\u00f3n Esc\u00e9nica Argentina (APDEA) Pablo D\u2019El\u00eda.<\/p>\n\n\n\n<p>La cita es el domingo 2 de octubre a las 10hs en la Asociaci\u00f3n General de Artistas del Chaco, Belgrano 1954 (Calle 10 e 39 y 41) Saenz Pe\u00f1a.<\/p>\n\n\n\n<p>&#x1f3ad;<\/p>\n","protected":false},"excerpt":{"rendered":"<p>&#x1f539;Actividades especiales&#x1f539; Charla informativa para trabajadores y trabajadoras de las artes esc\u00e9nicas: \u201cPensando los derechos de la Puesta en Escena\u201d a cargo del Secretario de la Asociaci\u00f3n de Profesionales de la Direcci\u00f3n Esc\u00e9nica Argentina (APDEA) Pablo D\u2019El\u00eda. La cita es el domingo 2 de octubre a las 10hs en la Asociaci\u00f3n General de Artistas del [&hellip;]<\/p>\n","protected":false},"author":5,"featured_media":2711,"comment_status":"open","ping_status":"open","sticky":false,"template":"","format":"standard","meta":{"footnotes":""},"categories":[14],"tags":[],"class_list":{"0":"post-2710","1":"post","2":"type-post","3":"status-publish","4":"format-standard","5":"has-post-thumbnail","6":"hentry","7":"category-prensa","9":"post-with-thumbnail","10":"post-with-thumbnail-large"},"rttpg_featured_image_url":{"full":["https:\/\/apdea.com.ar\/web\/wp-content\/uploads\/2022\/10\/Copia-de-WhatsApp-Image-2022-09-29-at-1.16.33-PM.jpeg",686,1280,false],"landscape":["https:\/\/apdea.com.ar\/web\/wp-content\/uploads\/2022\/10\/Copia-de-WhatsApp-Image-2022-09-29-at-1.16.33-PM.jpeg",686,1280,false],"portraits":["https:\/\/apdea.com.ar\/web\/wp-content\/uploads\/2022\/10\/Copia-de-WhatsApp-Image-2022-09-29-at-1.16.33-PM.jpeg",686,1280,false],"thumbnail":["https:\/\/apdea.com.ar\/web\/wp-content\/uploads\/2022\/10\/Copia-de-WhatsApp-Image-2022-09-29-at-1.16.33-PM-150x150.jpeg",150,150,true],"medium":["https:\/\/apdea.com.ar\/web\/wp-content\/uploads\/2022\/10\/Copia-de-WhatsApp-Image-2022-09-29-at-1.16.33-PM-161x300.jpeg",161,300,true],"large":["https:\/\/apdea.com.ar\/web\/wp-content\/uploads\/2022\/10\/Copia-de-WhatsApp-Image-2022-09-29-at-1.16.33-PM-549x1024.jpeg",549,1024,true],"post-slider-thumb-size":["https:\/\/apdea.com.ar\/web\/wp-content\/uploads\/2022\/10\/Copia-de-WhatsApp-Image-2022-09-29-at-1.16.33-PM-330x190.jpeg",330,190,true],"1536x1536":["https:\/\/apdea.com.ar\/web\/wp-content\/uploads\/2022\/10\/Copia-de-WhatsApp-Image-2022-09-29-at-1.16.33-PM.jpeg",686,1280,false],"2048x2048":["https:\/\/apdea.com.ar\/web\/wp-content\/uploads\/2022\/10\/Copia-de-WhatsApp-Image-2022-09-29-at-1.16.33-PM.jpeg",686,1280,false],"post-thumbnail":["https:\/\/apdea.com.ar\/web\/wp-content\/uploads\/2022\/10\/Copia-de-WhatsApp-Image-2022-09-29-at-1.16.33-PM.jpeg",204,380,false],"vantage-thumbnail-no-sidebar":["https:\/\/apdea.com.ar\/web\/wp-content\/uploads\/2022\/10\/Copia-de-WhatsApp-Image-2022-09-29-at-1.16.33-PM.jpeg",204,380,false],"vantage-slide":["https:\/\/apdea.com.ar\/web\/wp-content\/uploads\/2022\/10\/Copia-de-WhatsApp-Image-2022-09-29-at-1.16.33-PM.jpeg",257,480,false],"vantage-carousel":["https:\/\/apdea.com.ar\/web\/wp-content\/uploads\/2022\/10\/Copia-de-WhatsApp-Image-2022-09-29-at-1.16.33-PM.jpeg",98,182,false],"vantage-grid-loop":["https:\/\/apdea.com.ar\/web\/wp-content\/uploads\/2022\/10\/Copia-de-WhatsApp-Image-2022-09-29-at-1.16.33-PM.jpeg",146,272,false],"woocommerce_thumbnail":["https:\/\/apdea.com.ar\/web\/wp-content\/uploads\/2022\/10\/Copia-de-WhatsApp-Image-2022-09-29-at-1.16.33-PM-300x300.jpeg",300,300,true],"woocommerce_single":["https:\/\/apdea.com.ar\/web\/wp-content\/uploads\/2022\/10\/Copia-de-WhatsApp-Image-2022-09-29-at-1.16.33-PM-600x1120.jpeg",600,1120,true],"woocommerce_gallery_thumbnail":["https:\/\/apdea.com.ar\/web\/wp-content\/uploads\/2022\/10\/Copia-de-WhatsApp-Image-2022-09-29-at-1.16.33-PM-100x100.jpeg",100,100,true],"sow-carousel-default":["https:\/\/apdea.com.ar\/web\/wp-content\/uploads\/2022\/10\/Copia-de-WhatsApp-Image-2022-09-29-at-1.16.33-PM.jpeg",98,182,false]},"rttpg_author":{"display_name":"Comisi\u00f3n de Comunicaci\u00f3n","author_link":"https:\/\/apdea.com.ar\/web\/author\/comision_de_comunicacion\/"},"rttpg_comment":1,"rttpg_category":"<a href=\"https:\/\/apdea.com.ar\/web\/category\/prensa\/\" rel=\"category tag\">Prensa &amp; difusi\u00f3n<\/a>","rttpg_excerpt":"&#x1f539;Actividades especiales&#x1f539; Charla informativa para trabajadores y trabajadoras de las artes esc\u00e9nicas: \u201cPensando los derechos de la Puesta en Escena\u201d a cargo del Secretario de la Asociaci\u00f3n de Profesionales de la Direcci\u00f3n Esc\u00e9nica Argentina (APDEA) Pablo D\u2019El\u00eda. La cita es el domingo 2 de octubre a las 10hs en la Asociaci\u00f3n General de Artistas del&hellip;","_links":{"self":[{"href":"https:\/\/apdea.com.ar\/web\/wp-json\/wp\/v2\/posts\/2710","targetHints":{"allow":["GET"]}}],"collection":[{"href":"https:\/\/apdea.com.ar\/web\/wp-json\/wp\/v2\/posts"}],"about":[{"href":"https:\/\/apdea.com.ar\/web\/wp-json\/wp\/v2\/types\/post"}],"author":[{"embeddable":true,"href":"https:\/\/apdea.com.ar\/web\/wp-json\/wp\/v2\/users\/5"}],"replies":[{"embeddable":true,"href":"https:\/\/apdea.com.ar\/web\/wp-json\/wp\/v2\/comments?post=2710"}],"version-history":[{"count":1,"href":"https:\/\/apdea.com.ar\/web\/wp-json\/wp\/v2\/posts\/2710\/revisions"}],"predecessor-version":[{"id":2712,"href":"https:\/\/apdea.com.ar\/web\/wp-json\/wp\/v2\/posts\/2710\/revisions\/2712"}],"wp:featuredmedia":[{"embeddable":true,"href":"https:\/\/apdea.com.ar\/web\/wp-json\/wp\/v2\/media\/2711"}],"wp:attachment":[{"href":"https:\/\/apdea.com.ar\/web\/wp-json\/wp\/v2\/media?parent=2710"}],"wp:term":[{"taxonomy":"category","embeddable":true,"href":"https:\/\/apdea.com.ar\/web\/wp-json\/wp\/v2\/categories?post=2710"},{"taxonomy":"post_tag","embeddable":true,"href":"https:\/\/apdea.com.ar\/web\/wp-json\/wp\/v2\/tags?post=2710"}],"curies":[{"name":"wp","href":"https:\/\/api.w.org\/{rel}","templated":true}]}}