{"id":2713,"date":"2022-09-28T13:30:00","date_gmt":"2022-09-28T16:30:00","guid":{"rendered":"http:\/\/apdea.com.ar\/web\/?p=2713"},"modified":"2022-10-09T13:32:50","modified_gmt":"2022-10-09T16:32:50","slug":"bailan-las-almas-en-llantas-festival-apdea","status":"publish","type":"post","link":"https:\/\/apdea.com.ar\/web\/bailan-las-almas-en-llantas-festival-apdea\/","title":{"rendered":"&#8220;Bailan las almas en llantas&#8221; Festival Apdea"},"content":{"rendered":"\n<figure class=\"wp-block-image size-large\"><a href=\"http:\/\/apdea.com.ar\/web\/wp-content\/uploads\/2022\/10\/WhatsApp-Image-2022-09-13-at-9.51.19-AM-3.jpeg\"><img fetchpriority=\"high\" decoding=\"async\" width=\"819\" height=\"1024\" src=\"http:\/\/apdea.com.ar\/web\/wp-content\/uploads\/2022\/10\/WhatsApp-Image-2022-09-13-at-9.51.19-AM-3-819x1024.jpeg\" alt=\"\" class=\"wp-image-2714\" srcset=\"https:\/\/apdea.com.ar\/web\/wp-content\/uploads\/2022\/10\/WhatsApp-Image-2022-09-13-at-9.51.19-AM-3-819x1024.jpeg 819w, https:\/\/apdea.com.ar\/web\/wp-content\/uploads\/2022\/10\/WhatsApp-Image-2022-09-13-at-9.51.19-AM-3-240x300.jpeg 240w, https:\/\/apdea.com.ar\/web\/wp-content\/uploads\/2022\/10\/WhatsApp-Image-2022-09-13-at-9.51.19-AM-3-768x960.jpeg 768w, https:\/\/apdea.com.ar\/web\/wp-content\/uploads\/2022\/10\/WhatsApp-Image-2022-09-13-at-9.51.19-AM-3-48x60.jpeg 48w, https:\/\/apdea.com.ar\/web\/wp-content\/uploads\/2022\/10\/WhatsApp-Image-2022-09-13-at-9.51.19-AM-3-600x750.jpeg 600w, https:\/\/apdea.com.ar\/web\/wp-content\/uploads\/2022\/10\/WhatsApp-Image-2022-09-13-at-9.51.19-AM-3.jpeg 1024w\" sizes=\"(max-width: 819px) 100vw, 819px\" \/><\/a><\/figure>\n\n\n\n<figure class=\"wp-block-image size-large\"><a href=\"http:\/\/apdea.com.ar\/web\/wp-content\/uploads\/2022\/10\/WhatsApp-Image-2022-09-13-at-9.51.19-AM-4.jpeg\"><img decoding=\"async\" width=\"819\" height=\"1024\" src=\"http:\/\/apdea.com.ar\/web\/wp-content\/uploads\/2022\/10\/WhatsApp-Image-2022-09-13-at-9.51.19-AM-4-819x1024.jpeg\" alt=\"\" class=\"wp-image-2715\" srcset=\"https:\/\/apdea.com.ar\/web\/wp-content\/uploads\/2022\/10\/WhatsApp-Image-2022-09-13-at-9.51.19-AM-4-819x1024.jpeg 819w, https:\/\/apdea.com.ar\/web\/wp-content\/uploads\/2022\/10\/WhatsApp-Image-2022-09-13-at-9.51.19-AM-4-240x300.jpeg 240w, https:\/\/apdea.com.ar\/web\/wp-content\/uploads\/2022\/10\/WhatsApp-Image-2022-09-13-at-9.51.19-AM-4-768x960.jpeg 768w, https:\/\/apdea.com.ar\/web\/wp-content\/uploads\/2022\/10\/WhatsApp-Image-2022-09-13-at-9.51.19-AM-4-48x60.jpeg 48w, https:\/\/apdea.com.ar\/web\/wp-content\/uploads\/2022\/10\/WhatsApp-Image-2022-09-13-at-9.51.19-AM-4-600x750.jpeg 600w, https:\/\/apdea.com.ar\/web\/wp-content\/uploads\/2022\/10\/WhatsApp-Image-2022-09-13-at-9.51.19-AM-4.jpeg 1024w\" sizes=\"(max-width: 819px) 100vw, 819px\" \/><\/a><\/figure>\n\n\n\n<p>El domingo 2 de octubre a las 16hs se presenta la tercera obra seleccionada en el Festival Primavera Apdea 2022 con entrada libre y gratuita (se retiran el mismo d\u00eda de la funci\u00f3n hasta agotar capacidad de sala)<\/p>\n\n\n\n<p>Bailan las almas en llantas.<br>Direcci\u00f3n&nbsp;<a href=\"https:\/\/www.instagram.com\/piliruiz05\/\">@piliruiz05<\/a><br><a href=\"https:\/\/www.instagram.com\/teatrodelpueblo.arg\/\">@teatrodelpueblo.arg<\/a><br>Lavalle 3636 Caba.<\/p>\n\n\n\n<p>Les pibes en llantas rompen la pista de baile, batallan freestyle y corren a pique por las calles angostas de la ciudad. En esas calles, donde se juega el hambre,<br>las casas del poder negocian con la Ley. Una noche, en la fiesta de la primavera, Valu y Julio bailan una cumbia y ya nada seguir\u00e1 igual. Sus cuerpos arrojados al deseo, har\u00e1n posible hasta lo imposible, para torcer sus vidas en desgracia.<\/p>\n\n\n\n<p>FICHA T\u00c9CNICO ART\u00cdSTICA<\/p>\n\n\n\n<p>Act\u00faan: Camila Conte Roberts, Daniel Begino, Federico Mart\u00ednez, Fran Bert, Jes\u00fas Catalino, Joaqu\u00edn Gallardo, Juan Tupac Soler, Lola Banfi, Mat\u00edas M\u00e9ndez, Romina Osl\u00e9. \u2013 Entrenamiento f\u00edsico y dise\u00f1o coreogr\u00e1fico: Andr\u00e9s Molina \u2013 Dise\u00f1o de vestuario y escenograf\u00eda: Victoria Chac\u00f3n \u2013 M\u00fasica original y dise\u00f1o sonoro: Gast\u00f3n Poirier \u2013 Dise\u00f1o de iluminaci\u00f3n: Luc\u00eda Feijo\u00f3 \u2013 Fotograf\u00eda y video: Francisco Castro Pizzo \u2013 Dise\u00f1o gr\u00e1fico: Juan Pablo Rodr\u00edguez \u2013 Prensa: Marisol Cambre \u2013 Producci\u00f3n ejecutiva: Po\u00e9tica Resiliencia y LugarOtro. \u2013 Asistencia de direcci\u00f3n: Milagros Vera \u2013 Dramaturgia y direcci\u00f3n: Pilar Ruiz<\/p>\n","protected":false},"excerpt":{"rendered":"<p>El domingo 2 de octubre a las 16hs se presenta la tercera obra seleccionada en el Festival Primavera Apdea 2022 con entrada libre y gratuita (se retiran el mismo d\u00eda de la funci\u00f3n hasta agotar capacidad de sala) Bailan las almas en llantas.Direcci\u00f3n&nbsp;@piliruiz05@teatrodelpueblo.argLavalle 3636 Caba. Les pibes en llantas rompen la pista de baile, batallan [&hellip;]<\/p>\n","protected":false},"author":5,"featured_media":2714,"comment_status":"open","ping_status":"open","sticky":false,"template":"","format":"standard","meta":{"footnotes":""},"categories":[14],"tags":[],"class_list":{"0":"post-2713","1":"post","2":"type-post","3":"status-publish","4":"format-standard","5":"has-post-thumbnail","6":"hentry","7":"category-prensa","9":"post-with-thumbnail","10":"post-with-thumbnail-large"},"rttpg_featured_image_url":{"full":["https:\/\/apdea.com.ar\/web\/wp-content\/uploads\/2022\/10\/WhatsApp-Image-2022-09-13-at-9.51.19-AM-3.jpeg",1024,1280,false],"landscape":["https:\/\/apdea.com.ar\/web\/wp-content\/uploads\/2022\/10\/WhatsApp-Image-2022-09-13-at-9.51.19-AM-3.jpeg",1024,1280,false],"portraits":["https:\/\/apdea.com.ar\/web\/wp-content\/uploads\/2022\/10\/WhatsApp-Image-2022-09-13-at-9.51.19-AM-3.jpeg",1024,1280,false],"thumbnail":["https:\/\/apdea.com.ar\/web\/wp-content\/uploads\/2022\/10\/WhatsApp-Image-2022-09-13-at-9.51.19-AM-3-150x150.jpeg",150,150,true],"medium":["https:\/\/apdea.com.ar\/web\/wp-content\/uploads\/2022\/10\/WhatsApp-Image-2022-09-13-at-9.51.19-AM-3-240x300.jpeg",240,300,true],"large":["https:\/\/apdea.com.ar\/web\/wp-content\/uploads\/2022\/10\/WhatsApp-Image-2022-09-13-at-9.51.19-AM-3-819x1024.jpeg",720,900,true],"post-slider-thumb-size":["https:\/\/apdea.com.ar\/web\/wp-content\/uploads\/2022\/10\/WhatsApp-Image-2022-09-13-at-9.51.19-AM-3-330x190.jpeg",330,190,true],"1536x1536":["https:\/\/apdea.com.ar\/web\/wp-content\/uploads\/2022\/10\/WhatsApp-Image-2022-09-13-at-9.51.19-AM-3.jpeg",1024,1280,false],"2048x2048":["https:\/\/apdea.com.ar\/web\/wp-content\/uploads\/2022\/10\/WhatsApp-Image-2022-09-13-at-9.51.19-AM-3.jpeg",1024,1280,false],"post-thumbnail":["https:\/\/apdea.com.ar\/web\/wp-content\/uploads\/2022\/10\/WhatsApp-Image-2022-09-13-at-9.51.19-AM-3.jpeg",304,380,false],"vantage-thumbnail-no-sidebar":["https:\/\/apdea.com.ar\/web\/wp-content\/uploads\/2022\/10\/WhatsApp-Image-2022-09-13-at-9.51.19-AM-3.jpeg",304,380,false],"vantage-slide":["https:\/\/apdea.com.ar\/web\/wp-content\/uploads\/2022\/10\/WhatsApp-Image-2022-09-13-at-9.51.19-AM-3.jpeg",384,480,false],"vantage-carousel":["https:\/\/apdea.com.ar\/web\/wp-content\/uploads\/2022\/10\/WhatsApp-Image-2022-09-13-at-9.51.19-AM-3.jpeg",146,182,false],"vantage-grid-loop":["https:\/\/apdea.com.ar\/web\/wp-content\/uploads\/2022\/10\/WhatsApp-Image-2022-09-13-at-9.51.19-AM-3.jpeg",218,272,false],"woocommerce_thumbnail":["https:\/\/apdea.com.ar\/web\/wp-content\/uploads\/2022\/10\/WhatsApp-Image-2022-09-13-at-9.51.19-AM-3-300x300.jpeg",300,300,true],"woocommerce_single":["https:\/\/apdea.com.ar\/web\/wp-content\/uploads\/2022\/10\/WhatsApp-Image-2022-09-13-at-9.51.19-AM-3-600x750.jpeg",600,750,true],"woocommerce_gallery_thumbnail":["https:\/\/apdea.com.ar\/web\/wp-content\/uploads\/2022\/10\/WhatsApp-Image-2022-09-13-at-9.51.19-AM-3-100x100.jpeg",100,100,true],"sow-carousel-default":["https:\/\/apdea.com.ar\/web\/wp-content\/uploads\/2022\/10\/WhatsApp-Image-2022-09-13-at-9.51.19-AM-3.jpeg",146,182,false]},"rttpg_author":{"display_name":"Comisi\u00f3n de Comunicaci\u00f3n","author_link":"https:\/\/apdea.com.ar\/web\/author\/comision_de_comunicacion\/"},"rttpg_comment":0,"rttpg_category":"<a href=\"https:\/\/apdea.com.ar\/web\/category\/prensa\/\" rel=\"category tag\">Prensa &amp; difusi\u00f3n<\/a>","rttpg_excerpt":"El domingo 2 de octubre a las 16hs se presenta la tercera obra seleccionada en el Festival Primavera Apdea 2022 con entrada libre y gratuita (se retiran el mismo d\u00eda de la funci\u00f3n hasta agotar capacidad de sala) Bailan las almas en llantas.Direcci\u00f3n&nbsp;@piliruiz05@teatrodelpueblo.argLavalle 3636 Caba. Les pibes en llantas rompen la pista de baile, batallan&hellip;","_links":{"self":[{"href":"https:\/\/apdea.com.ar\/web\/wp-json\/wp\/v2\/posts\/2713","targetHints":{"allow":["GET"]}}],"collection":[{"href":"https:\/\/apdea.com.ar\/web\/wp-json\/wp\/v2\/posts"}],"about":[{"href":"https:\/\/apdea.com.ar\/web\/wp-json\/wp\/v2\/types\/post"}],"author":[{"embeddable":true,"href":"https:\/\/apdea.com.ar\/web\/wp-json\/wp\/v2\/users\/5"}],"replies":[{"embeddable":true,"href":"https:\/\/apdea.com.ar\/web\/wp-json\/wp\/v2\/comments?post=2713"}],"version-history":[{"count":1,"href":"https:\/\/apdea.com.ar\/web\/wp-json\/wp\/v2\/posts\/2713\/revisions"}],"predecessor-version":[{"id":2716,"href":"https:\/\/apdea.com.ar\/web\/wp-json\/wp\/v2\/posts\/2713\/revisions\/2716"}],"wp:featuredmedia":[{"embeddable":true,"href":"https:\/\/apdea.com.ar\/web\/wp-json\/wp\/v2\/media\/2714"}],"wp:attachment":[{"href":"https:\/\/apdea.com.ar\/web\/wp-json\/wp\/v2\/media?parent=2713"}],"wp:term":[{"taxonomy":"category","embeddable":true,"href":"https:\/\/apdea.com.ar\/web\/wp-json\/wp\/v2\/categories?post=2713"},{"taxonomy":"post_tag","embeddable":true,"href":"https:\/\/apdea.com.ar\/web\/wp-json\/wp\/v2\/tags?post=2713"}],"curies":[{"name":"wp","href":"https:\/\/api.w.org\/{rel}","templated":true}]}}