{"id":2724,"date":"2022-09-25T13:40:00","date_gmt":"2022-09-25T16:40:00","guid":{"rendered":"http:\/\/apdea.com.ar\/web\/?p=2724"},"modified":"2022-10-09T13:41:47","modified_gmt":"2022-10-09T16:41:47","slug":"las-encadenadas-festival-apdea","status":"publish","type":"post","link":"https:\/\/apdea.com.ar\/web\/las-encadenadas-festival-apdea\/","title":{"rendered":"&#8220;Las Encadenadas&#8221; Festival Apdea"},"content":{"rendered":"\n<figure class=\"wp-block-image size-large\"><a href=\"http:\/\/apdea.com.ar\/web\/wp-content\/uploads\/2022\/10\/WhatsApp-Image-2022-09-13-at-9.51.19-AM-5.jpeg\"><img fetchpriority=\"high\" decoding=\"async\" width=\"819\" height=\"1024\" src=\"http:\/\/apdea.com.ar\/web\/wp-content\/uploads\/2022\/10\/WhatsApp-Image-2022-09-13-at-9.51.19-AM-5-819x1024.jpeg\" alt=\"\" class=\"wp-image-2725\" srcset=\"https:\/\/apdea.com.ar\/web\/wp-content\/uploads\/2022\/10\/WhatsApp-Image-2022-09-13-at-9.51.19-AM-5-819x1024.jpeg 819w, https:\/\/apdea.com.ar\/web\/wp-content\/uploads\/2022\/10\/WhatsApp-Image-2022-09-13-at-9.51.19-AM-5-240x300.jpeg 240w, https:\/\/apdea.com.ar\/web\/wp-content\/uploads\/2022\/10\/WhatsApp-Image-2022-09-13-at-9.51.19-AM-5-768x960.jpeg 768w, https:\/\/apdea.com.ar\/web\/wp-content\/uploads\/2022\/10\/WhatsApp-Image-2022-09-13-at-9.51.19-AM-5-48x60.jpeg 48w, https:\/\/apdea.com.ar\/web\/wp-content\/uploads\/2022\/10\/WhatsApp-Image-2022-09-13-at-9.51.19-AM-5-600x750.jpeg 600w, https:\/\/apdea.com.ar\/web\/wp-content\/uploads\/2022\/10\/WhatsApp-Image-2022-09-13-at-9.51.19-AM-5.jpeg 1024w\" sizes=\"(max-width: 819px) 100vw, 819px\" \/><\/a><\/figure>\n\n\n\n<figure class=\"wp-block-image size-large\"><a href=\"http:\/\/apdea.com.ar\/web\/wp-content\/uploads\/2022\/10\/WhatsApp-Image-2022-09-13-at-9.51.19-AM-1.jpeg\"><img decoding=\"async\" width=\"819\" height=\"1024\" src=\"http:\/\/apdea.com.ar\/web\/wp-content\/uploads\/2022\/10\/WhatsApp-Image-2022-09-13-at-9.51.19-AM-1-819x1024.jpeg\" alt=\"\" class=\"wp-image-2726\" srcset=\"https:\/\/apdea.com.ar\/web\/wp-content\/uploads\/2022\/10\/WhatsApp-Image-2022-09-13-at-9.51.19-AM-1-819x1024.jpeg 819w, https:\/\/apdea.com.ar\/web\/wp-content\/uploads\/2022\/10\/WhatsApp-Image-2022-09-13-at-9.51.19-AM-1-240x300.jpeg 240w, https:\/\/apdea.com.ar\/web\/wp-content\/uploads\/2022\/10\/WhatsApp-Image-2022-09-13-at-9.51.19-AM-1-768x960.jpeg 768w, https:\/\/apdea.com.ar\/web\/wp-content\/uploads\/2022\/10\/WhatsApp-Image-2022-09-13-at-9.51.19-AM-1-48x60.jpeg 48w, https:\/\/apdea.com.ar\/web\/wp-content\/uploads\/2022\/10\/WhatsApp-Image-2022-09-13-at-9.51.19-AM-1-600x750.jpeg 600w, https:\/\/apdea.com.ar\/web\/wp-content\/uploads\/2022\/10\/WhatsApp-Image-2022-09-13-at-9.51.19-AM-1.jpeg 1024w\" sizes=\"(max-width: 819px) 100vw, 819px\" \/><\/a><\/figure>\n\n\n\n<p>Este mi\u00e9rcoles 28 a las 20hs se presenta la primera de las tres obras elegidas del Festival Primavera Apdea:<\/p>\n\n\n\n<p>LAS ENCADENADAS<br>Direcci\u00f3n&nbsp;<a href=\"https:\/\/www.instagram.com\/juanmako84\/\">@juanmako84<\/a><br>Teatro Abasto Social Club: Yatay 666. Caba.<\/p>\n\n\n\n<p>Tarde noche de verano en el cementerio municipal del pueblo de Carhu\u00e9, en el l\u00edmite con Epecu\u00e9n, provincia de Buenos Aires. Ante el acecho de una tormenta incipiente y cansadas de la rutina, dos mujeres encargadas del crematorio intentan terminar lo antes posible su jornada laboral. De repente el llamado de su jefe genera que aquellas heridas, ruinas y cenizas del pasado se remuevan y vuelvan a salir a luz. \u00bfQu\u00e9 pas\u00f3 en Epecu\u00e9n? Villa Epecu\u00e9n es el nombre de un pueblo tur\u00edstico argentino en ruinas, ubicel partido de Adolfo Alsina, provincia de Buenos Aires. Situada a 7,3 km de la ciudad de Carhu\u00e9, fue fundada en 1921 a orillas del lago del mismo nombre, y lleg\u00f3 a tener cerca de 1.500 habitantes, siendo visitada por un promedio de 25 mil turistas durante el verano.<\/p>\n\n\n\n<p>FICHA T\u00c9CNICO ART\u00cdSTICA<br>Dramaturgia: Juan Mako \u2013 Act\u00faan: Cecile Caillon, Claudio Depirro, M\u00f3nica Driollet, Diego Torben \u2013 Vestuario: Paola Delgado \u2013 Dise\u00f1o de escenograf\u00eda: Sol Soto \u2013 Dise\u00f1o de luces: Alejandro Le Roux \u2013 Dise\u00f1o De Sonido: El P\u00e1jaro Films \u2013 Realizaci\u00f3n de escenograf\u00eda: Sol Soto \u2013 Fotograf\u00eda: El P\u00e1jaro Films \u2013 Dise\u00f1o gr\u00e1fico: Otra Producciones Esc\u00e9nicas \u2013 Asistencia art\u00edstica: Tob\u00edas Cort\u00e9s \u2013 Producci\u00f3n ejecutiva: Otra Producciones Esc\u00e9nicas \u2013 Supervisi\u00f3n dramat\u00fargica: Gabriel Fernandez Chapo \u2013 Direcci\u00f3n: Juan Mako<\/p>\n\n\n\n<p>La entrada es libre y gratuita. Se retira el mismo d\u00eda de la funci\u00f3n hasta agotar capacidad de sala.<\/p>\n","protected":false},"excerpt":{"rendered":"<p>Este mi\u00e9rcoles 28 a las 20hs se presenta la primera de las tres obras elegidas del Festival Primavera Apdea: LAS ENCADENADASDirecci\u00f3n&nbsp;@juanmako84Teatro Abasto Social Club: Yatay 666. Caba. Tarde noche de verano en el cementerio municipal del pueblo de Carhu\u00e9, en el l\u00edmite con Epecu\u00e9n, provincia de Buenos Aires. Ante el acecho de una tormenta incipiente [&hellip;]<\/p>\n","protected":false},"author":5,"featured_media":2725,"comment_status":"open","ping_status":"open","sticky":false,"template":"","format":"standard","meta":{"footnotes":""},"categories":[14],"tags":[],"class_list":{"0":"post-2724","1":"post","2":"type-post","3":"status-publish","4":"format-standard","5":"has-post-thumbnail","6":"hentry","7":"category-prensa","9":"post-with-thumbnail","10":"post-with-thumbnail-large"},"rttpg_featured_image_url":{"full":["https:\/\/apdea.com.ar\/web\/wp-content\/uploads\/2022\/10\/WhatsApp-Image-2022-09-13-at-9.51.19-AM-5.jpeg",1024,1280,false],"landscape":["https:\/\/apdea.com.ar\/web\/wp-content\/uploads\/2022\/10\/WhatsApp-Image-2022-09-13-at-9.51.19-AM-5.jpeg",1024,1280,false],"portraits":["https:\/\/apdea.com.ar\/web\/wp-content\/uploads\/2022\/10\/WhatsApp-Image-2022-09-13-at-9.51.19-AM-5.jpeg",1024,1280,false],"thumbnail":["https:\/\/apdea.com.ar\/web\/wp-content\/uploads\/2022\/10\/WhatsApp-Image-2022-09-13-at-9.51.19-AM-5-150x150.jpeg",150,150,true],"medium":["https:\/\/apdea.com.ar\/web\/wp-content\/uploads\/2022\/10\/WhatsApp-Image-2022-09-13-at-9.51.19-AM-5-240x300.jpeg",240,300,true],"large":["https:\/\/apdea.com.ar\/web\/wp-content\/uploads\/2022\/10\/WhatsApp-Image-2022-09-13-at-9.51.19-AM-5-819x1024.jpeg",720,900,true],"post-slider-thumb-size":["https:\/\/apdea.com.ar\/web\/wp-content\/uploads\/2022\/10\/WhatsApp-Image-2022-09-13-at-9.51.19-AM-5-330x190.jpeg",330,190,true],"1536x1536":["https:\/\/apdea.com.ar\/web\/wp-content\/uploads\/2022\/10\/WhatsApp-Image-2022-09-13-at-9.51.19-AM-5.jpeg",1024,1280,false],"2048x2048":["https:\/\/apdea.com.ar\/web\/wp-content\/uploads\/2022\/10\/WhatsApp-Image-2022-09-13-at-9.51.19-AM-5.jpeg",1024,1280,false],"post-thumbnail":["https:\/\/apdea.com.ar\/web\/wp-content\/uploads\/2022\/10\/WhatsApp-Image-2022-09-13-at-9.51.19-AM-5.jpeg",304,380,false],"vantage-thumbnail-no-sidebar":["https:\/\/apdea.com.ar\/web\/wp-content\/uploads\/2022\/10\/WhatsApp-Image-2022-09-13-at-9.51.19-AM-5.jpeg",304,380,false],"vantage-slide":["https:\/\/apdea.com.ar\/web\/wp-content\/uploads\/2022\/10\/WhatsApp-Image-2022-09-13-at-9.51.19-AM-5.jpeg",384,480,false],"vantage-carousel":["https:\/\/apdea.com.ar\/web\/wp-content\/uploads\/2022\/10\/WhatsApp-Image-2022-09-13-at-9.51.19-AM-5.jpeg",146,182,false],"vantage-grid-loop":["https:\/\/apdea.com.ar\/web\/wp-content\/uploads\/2022\/10\/WhatsApp-Image-2022-09-13-at-9.51.19-AM-5.jpeg",218,272,false],"woocommerce_thumbnail":["https:\/\/apdea.com.ar\/web\/wp-content\/uploads\/2022\/10\/WhatsApp-Image-2022-09-13-at-9.51.19-AM-5-300x300.jpeg",300,300,true],"woocommerce_single":["https:\/\/apdea.com.ar\/web\/wp-content\/uploads\/2022\/10\/WhatsApp-Image-2022-09-13-at-9.51.19-AM-5-600x750.jpeg",600,750,true],"woocommerce_gallery_thumbnail":["https:\/\/apdea.com.ar\/web\/wp-content\/uploads\/2022\/10\/WhatsApp-Image-2022-09-13-at-9.51.19-AM-5-100x100.jpeg",100,100,true],"sow-carousel-default":["https:\/\/apdea.com.ar\/web\/wp-content\/uploads\/2022\/10\/WhatsApp-Image-2022-09-13-at-9.51.19-AM-5.jpeg",146,182,false]},"rttpg_author":{"display_name":"Comisi\u00f3n de Comunicaci\u00f3n","author_link":"https:\/\/apdea.com.ar\/web\/author\/comision_de_comunicacion\/"},"rttpg_comment":0,"rttpg_category":"<a href=\"https:\/\/apdea.com.ar\/web\/category\/prensa\/\" rel=\"category tag\">Prensa &amp; difusi\u00f3n<\/a>","rttpg_excerpt":"Este mi\u00e9rcoles 28 a las 20hs se presenta la primera de las tres obras elegidas del Festival Primavera Apdea: LAS ENCADENADASDirecci\u00f3n&nbsp;@juanmako84Teatro Abasto Social Club: Yatay 666. Caba. Tarde noche de verano en el cementerio municipal del pueblo de Carhu\u00e9, en el l\u00edmite con Epecu\u00e9n, provincia de Buenos Aires. Ante el acecho de una tormenta incipiente&hellip;","_links":{"self":[{"href":"https:\/\/apdea.com.ar\/web\/wp-json\/wp\/v2\/posts\/2724","targetHints":{"allow":["GET"]}}],"collection":[{"href":"https:\/\/apdea.com.ar\/web\/wp-json\/wp\/v2\/posts"}],"about":[{"href":"https:\/\/apdea.com.ar\/web\/wp-json\/wp\/v2\/types\/post"}],"author":[{"embeddable":true,"href":"https:\/\/apdea.com.ar\/web\/wp-json\/wp\/v2\/users\/5"}],"replies":[{"embeddable":true,"href":"https:\/\/apdea.com.ar\/web\/wp-json\/wp\/v2\/comments?post=2724"}],"version-history":[{"count":1,"href":"https:\/\/apdea.com.ar\/web\/wp-json\/wp\/v2\/posts\/2724\/revisions"}],"predecessor-version":[{"id":2727,"href":"https:\/\/apdea.com.ar\/web\/wp-json\/wp\/v2\/posts\/2724\/revisions\/2727"}],"wp:featuredmedia":[{"embeddable":true,"href":"https:\/\/apdea.com.ar\/web\/wp-json\/wp\/v2\/media\/2725"}],"wp:attachment":[{"href":"https:\/\/apdea.com.ar\/web\/wp-json\/wp\/v2\/media?parent=2724"}],"wp:term":[{"taxonomy":"category","embeddable":true,"href":"https:\/\/apdea.com.ar\/web\/wp-json\/wp\/v2\/categories?post=2724"},{"taxonomy":"post_tag","embeddable":true,"href":"https:\/\/apdea.com.ar\/web\/wp-json\/wp\/v2\/tags?post=2724"}],"curies":[{"name":"wp","href":"https:\/\/api.w.org\/{rel}","templated":true}]}}