{"id":2731,"date":"2022-09-21T13:56:00","date_gmt":"2022-09-21T16:56:00","guid":{"rendered":"http:\/\/apdea.com.ar\/web\/?p=2731"},"modified":"2022-10-09T14:23:42","modified_gmt":"2022-10-09T17:23:42","slug":"lanzamiento-festival-primavera-apdea","status":"publish","type":"post","link":"https:\/\/apdea.com.ar\/web\/lanzamiento-festival-primavera-apdea\/","title":{"rendered":"Lanzamiento Festival Primavera Apdea"},"content":{"rendered":"\n<figure class=\"wp-block-image size-large\"><a href=\"http:\/\/apdea.com.ar\/web\/wp-content\/uploads\/2022\/10\/IMG_8787-scaled.jpg\"><img fetchpriority=\"high\" decoding=\"async\" width=\"1024\" height=\"768\" src=\"http:\/\/apdea.com.ar\/web\/wp-content\/uploads\/2022\/10\/IMG_8787-1024x768.jpg\" alt=\"\" class=\"wp-image-2732\" srcset=\"https:\/\/apdea.com.ar\/web\/wp-content\/uploads\/2022\/10\/IMG_8787-1024x768.jpg 1024w, https:\/\/apdea.com.ar\/web\/wp-content\/uploads\/2022\/10\/IMG_8787-300x225.jpg 300w, https:\/\/apdea.com.ar\/web\/wp-content\/uploads\/2022\/10\/IMG_8787-768x576.jpg 768w, https:\/\/apdea.com.ar\/web\/wp-content\/uploads\/2022\/10\/IMG_8787-1536x1152.jpg 1536w, https:\/\/apdea.com.ar\/web\/wp-content\/uploads\/2022\/10\/IMG_8787-2048x1536.jpg 2048w, https:\/\/apdea.com.ar\/web\/wp-content\/uploads\/2022\/10\/IMG_8787-80x60.jpg 80w, https:\/\/apdea.com.ar\/web\/wp-content\/uploads\/2022\/10\/IMG_8787-600x450.jpg 600w\" sizes=\"(max-width: 1024px) 100vw, 1024px\" \/><\/a><\/figure>\n\n\n\n<p>Gracias a quienes participaron del lanzamiento de nuestro Primer Festival Primavera Apdea &#x1f3ad;<br>Ayer martes 20 de Setiembre nos encontramos en\u00a0<a href=\"https:\/\/www.instagram.com\/elporton.desanchez\/\">@elporton.desanchez<\/a>\u00a0para dar comienzo al festival. Estuvieron presentes los elencos y directoras y directores de las obras elegidas\u00a0<a href=\"https:\/\/www.instagram.com\/piliruiz05\/\">@piliruiz05<\/a>\u00a0<a href=\"https:\/\/www.instagram.com\/juanandresromanazzi\/\">@juanandresromanazzi<\/a>\u00a0y\u00a0<a href=\"https:\/\/www.instagram.com\/juanmako84\/\">@juanmako84<\/a>\u00a0,<br>el director del\u00a0<a href=\"https:\/\/www.instagram.com\/inteatro.ar\/\">@inteatro.ar<\/a>\u00a0<a href=\"https:\/\/www.instagram.com\/gustavouano\/\">@gustavouano<\/a>\u00a0, la Directora Ejecutiva de\u00a0<a href=\"https:\/\/www.instagram.com\/proteatro\/\">@proteatro<\/a>\u00a0Marina D\u2019Lucca ,\u00a0<a href=\"https:\/\/www.instagram.com\/robertobisogno\/\">@robertobisogno<\/a>\u00a0por\u00a0<a href=\"https:\/\/www.instagram.com\/aadet.ok\/\">@aadet.ok<\/a>\u00a0,\u00a0<a href=\"https:\/\/www.instagram.com\/juanmanuel____correa\/\">@juanmanuel____correa<\/a>\u00a0por\u00a0<a href=\"https:\/\/www.instagram.com\/asociacionargentinadeactores\/\">@asociacionargentinadeactores<\/a>\u00a0,\u00a0<a href=\"https:\/\/www.instagram.com\/leandraescenica\/\">@leandraescenica<\/a>\u00a0por\u00a0<a href=\"https:\/\/www.instagram.com\/adea_escenicos\/\">@adea_escenicos<\/a><br>El jurado del festival\u00a0<a href=\"https:\/\/www.instagram.com\/maiamarabrodos\/\">@maiamarabrodos<\/a>\u00a0<a href=\"https:\/\/www.instagram.com\/estelacastronuovo\/\">@estelacastronuovo<\/a>\u00a0y\u00a0<a href=\"https:\/\/www.instagram.com\/marcelosavignone\/\">@marcelosavignone<\/a><br>Recibimos tambi\u00e9n mensajes de\u00a0<a href=\"https:\/\/www.instagram.com\/miguelsplendiani\/\">@miguelsplendiani<\/a>\u00a0por\u00a0<a href=\"https:\/\/www.instagram.com\/argentoresnacional\/\">@argentoresnacional<\/a>\u00a0y de Pablo Bont\u00e1 por\u00a0<a href=\"https:\/\/www.instagram.com\/inteatro.ar\/\">@inteatro.ar<\/a><br>Gracias tambi\u00e9n a los organizadores del festival, miembros de comisiones y comisi\u00f3n directiva, personas asociadas, y a todo el p\u00fablico presente ayer.<br>Para ver toda la programaci\u00f3n ingres\u00e1 a www.apdea.com.ar<\/p>\n","protected":false},"excerpt":{"rendered":"<p>Gracias a quienes participaron del lanzamiento de nuestro Primer Festival Primavera Apdea &#x1f3ad;Ayer martes 20 de Setiembre nos encontramos en\u00a0@elporton.desanchez\u00a0para dar comienzo al festival. Estuvieron presentes los elencos y directoras y directores de las obras elegidas\u00a0@piliruiz05\u00a0@juanandresromanazzi\u00a0y\u00a0@juanmako84\u00a0,el director del\u00a0@inteatro.ar\u00a0@gustavouano\u00a0, la Directora Ejecutiva de\u00a0@proteatro\u00a0Marina D\u2019Lucca ,\u00a0@robertobisogno\u00a0por\u00a0@aadet.ok\u00a0,\u00a0@juanmanuel____correa\u00a0por\u00a0@asociacionargentinadeactores\u00a0,\u00a0@leandraescenica\u00a0por\u00a0@adea_escenicosEl jurado del festival\u00a0@maiamarabrodos\u00a0@estelacastronuovo\u00a0y\u00a0@marcelosavignoneRecibimos tambi\u00e9n mensajes de\u00a0@miguelsplendiani\u00a0por\u00a0@argentoresnacional\u00a0y de Pablo Bont\u00e1 por\u00a0@inteatro.arGracias tambi\u00e9n [&hellip;]<\/p>\n","protected":false},"author":5,"featured_media":2732,"comment_status":"open","ping_status":"open","sticky":false,"template":"","format":"standard","meta":{"footnotes":""},"categories":[14],"tags":[],"class_list":{"0":"post-2731","1":"post","2":"type-post","3":"status-publish","4":"format-standard","5":"has-post-thumbnail","6":"hentry","7":"category-prensa","9":"post-with-thumbnail","10":"post-with-thumbnail-large"},"rttpg_featured_image_url":{"full":["https:\/\/apdea.com.ar\/web\/wp-content\/uploads\/2022\/10\/IMG_8787-scaled.jpg",2560,1920,false],"landscape":["https:\/\/apdea.com.ar\/web\/wp-content\/uploads\/2022\/10\/IMG_8787-scaled.jpg",2560,1920,false],"portraits":["https:\/\/apdea.com.ar\/web\/wp-content\/uploads\/2022\/10\/IMG_8787-scaled.jpg",2560,1920,false],"thumbnail":["https:\/\/apdea.com.ar\/web\/wp-content\/uploads\/2022\/10\/IMG_8787-150x150.jpg",150,150,true],"medium":["https:\/\/apdea.com.ar\/web\/wp-content\/uploads\/2022\/10\/IMG_8787-300x225.jpg",300,225,true],"large":["https:\/\/apdea.com.ar\/web\/wp-content\/uploads\/2022\/10\/IMG_8787-1024x768.jpg",720,540,true],"post-slider-thumb-size":["https:\/\/apdea.com.ar\/web\/wp-content\/uploads\/2022\/10\/IMG_8787-330x190.jpg",330,190,true],"1536x1536":["https:\/\/apdea.com.ar\/web\/wp-content\/uploads\/2022\/10\/IMG_8787-1536x1152.jpg",1536,1152,true],"2048x2048":["https:\/\/apdea.com.ar\/web\/wp-content\/uploads\/2022\/10\/IMG_8787-2048x1536.jpg",2048,1536,true],"post-thumbnail":["https:\/\/apdea.com.ar\/web\/wp-content\/uploads\/2022\/10\/IMG_8787-scaled.jpg",507,380,false],"vantage-thumbnail-no-sidebar":["https:\/\/apdea.com.ar\/web\/wp-content\/uploads\/2022\/10\/IMG_8787-scaled.jpg",507,380,false],"vantage-slide":["https:\/\/apdea.com.ar\/web\/wp-content\/uploads\/2022\/10\/IMG_8787-scaled.jpg",640,480,false],"vantage-carousel":["https:\/\/apdea.com.ar\/web\/wp-content\/uploads\/2022\/10\/IMG_8787-scaled.jpg",243,182,false],"vantage-grid-loop":["https:\/\/apdea.com.ar\/web\/wp-content\/uploads\/2022\/10\/IMG_8787-scaled.jpg",363,272,false],"woocommerce_thumbnail":["https:\/\/apdea.com.ar\/web\/wp-content\/uploads\/2022\/10\/IMG_8787-300x300.jpg",300,300,true],"woocommerce_single":["https:\/\/apdea.com.ar\/web\/wp-content\/uploads\/2022\/10\/IMG_8787-600x450.jpg",600,450,true],"woocommerce_gallery_thumbnail":["https:\/\/apdea.com.ar\/web\/wp-content\/uploads\/2022\/10\/IMG_8787-100x100.jpg",100,100,true],"sow-carousel-default":["https:\/\/apdea.com.ar\/web\/wp-content\/uploads\/2022\/10\/IMG_8787-scaled.jpg",243,182,false]},"rttpg_author":{"display_name":"Comisi\u00f3n de Comunicaci\u00f3n","author_link":"https:\/\/apdea.com.ar\/web\/author\/comision_de_comunicacion\/"},"rttpg_comment":0,"rttpg_category":"<a href=\"https:\/\/apdea.com.ar\/web\/category\/prensa\/\" rel=\"category tag\">Prensa &amp; difusi\u00f3n<\/a>","rttpg_excerpt":"Gracias a quienes participaron del lanzamiento de nuestro Primer Festival Primavera Apdea &#x1f3ad;Ayer martes 20 de Setiembre nos encontramos en\u00a0@elporton.desanchez\u00a0para dar comienzo al festival. Estuvieron presentes los elencos y directoras y directores de las obras elegidas\u00a0@piliruiz05\u00a0@juanandresromanazzi\u00a0y\u00a0@juanmako84\u00a0,el director del\u00a0@inteatro.ar\u00a0@gustavouano\u00a0, la Directora Ejecutiva de\u00a0@proteatro\u00a0Marina D\u2019Lucca ,\u00a0@robertobisogno\u00a0por\u00a0@aadet.ok\u00a0,\u00a0@juanmanuel____correa\u00a0por\u00a0@asociacionargentinadeactores\u00a0,\u00a0@leandraescenica\u00a0por\u00a0@adea_escenicosEl jurado del festival\u00a0@maiamarabrodos\u00a0@estelacastronuovo\u00a0y\u00a0@marcelosavignoneRecibimos tambi\u00e9n mensajes de\u00a0@miguelsplendiani\u00a0por\u00a0@argentoresnacional\u00a0y de Pablo Bont\u00e1 por\u00a0@inteatro.arGracias tambi\u00e9n&hellip;","_links":{"self":[{"href":"https:\/\/apdea.com.ar\/web\/wp-json\/wp\/v2\/posts\/2731","targetHints":{"allow":["GET"]}}],"collection":[{"href":"https:\/\/apdea.com.ar\/web\/wp-json\/wp\/v2\/posts"}],"about":[{"href":"https:\/\/apdea.com.ar\/web\/wp-json\/wp\/v2\/types\/post"}],"author":[{"embeddable":true,"href":"https:\/\/apdea.com.ar\/web\/wp-json\/wp\/v2\/users\/5"}],"replies":[{"embeddable":true,"href":"https:\/\/apdea.com.ar\/web\/wp-json\/wp\/v2\/comments?post=2731"}],"version-history":[{"count":1,"href":"https:\/\/apdea.com.ar\/web\/wp-json\/wp\/v2\/posts\/2731\/revisions"}],"predecessor-version":[{"id":2733,"href":"https:\/\/apdea.com.ar\/web\/wp-json\/wp\/v2\/posts\/2731\/revisions\/2733"}],"wp:featuredmedia":[{"embeddable":true,"href":"https:\/\/apdea.com.ar\/web\/wp-json\/wp\/v2\/media\/2732"}],"wp:attachment":[{"href":"https:\/\/apdea.com.ar\/web\/wp-json\/wp\/v2\/media?parent=2731"}],"wp:term":[{"taxonomy":"category","embeddable":true,"href":"https:\/\/apdea.com.ar\/web\/wp-json\/wp\/v2\/categories?post=2731"},{"taxonomy":"post_tag","embeddable":true,"href":"https:\/\/apdea.com.ar\/web\/wp-json\/wp\/v2\/tags?post=2731"}],"curies":[{"name":"wp","href":"https:\/\/api.w.org\/{rel}","templated":true}]}}