{"id":2863,"date":"2023-03-22T12:52:22","date_gmt":"2023-03-22T15:52:22","guid":{"rendered":"http:\/\/apdea.com.ar\/web\/?p=2863"},"modified":"2023-03-22T12:54:19","modified_gmt":"2023-03-22T15:54:19","slug":"conversatorio-en-misiones","status":"publish","type":"post","link":"https:\/\/apdea.com.ar\/web\/conversatorio-en-misiones\/","title":{"rendered":"Conversatorio en Misiones"},"content":{"rendered":"\n<p>Apdea llev\u00f3 a cabo en la Ciudad de Posadas &#8211; Provincia de Misiones &#8211; un encuentro entre profesionales de la direcci\u00f3n esc\u00e9nica y trabajadoras y trabajadores de las artes. <\/p>\n\n\n\n<p>Estuvieron presentes por Apdea la directora <strong><em>Tatiana Santana<\/em><\/strong> y la directora <strong><em>Paula Banfi<\/em><\/strong>, recibidos por la directora <strong><em>Yaisa Brizuela<\/em><\/strong>, en el Auditorio de la Fundaci\u00f3n Grillos. <\/p>\n\n\n\n<p>Agradecemos su colaboraci\u00f3n y buena onda. Tambi\u00e9n agradecemos la participaci\u00f3n de <strong><em>Paola Figueroa<\/em><\/strong>, <strong><em>Veroka Fedeli, Gustavo \u00c1lvarez, Estrella Asuad, Luisa Lucero, Luc\u00eda Veliz, Alicia Bonifatto <\/em><\/strong>y<strong><em> Miguel \u00c1ngel Acu\u00f1a<\/em><\/strong>, profesionales presentes en la charla, en la que se abordaron temas como: &#8220;La asociaci\u00f3n como un modo de gesti\u00f3n colectivo; su estructura y funcionamiento; el prop\u00f3sito federal; los derechos de puesta y su autor\u00eda&#8221;; entre otros.<\/p>\n\n\n\n<p>Seguimos, como desde el primer d\u00eda, trabajando en la construcci\u00f3n de una asociaci\u00f3n de profesionales de la direcci\u00f3n esc\u00e9nica con sentido federal<\/p>\n\n\n\n<figure class=\"wp-block-image size-large\"><a href=\"http:\/\/apdea.com.ar\/web\/wp-content\/uploads\/2023\/03\/Misiones-Posadas-2023.jpeg\"><img fetchpriority=\"high\" decoding=\"async\" width=\"819\" height=\"1024\" src=\"http:\/\/apdea.com.ar\/web\/wp-content\/uploads\/2023\/03\/Misiones-Posadas-2023-819x1024.jpeg\" alt=\"\" class=\"wp-image-2864\" srcset=\"https:\/\/apdea.com.ar\/web\/wp-content\/uploads\/2023\/03\/Misiones-Posadas-2023-819x1024.jpeg 819w, https:\/\/apdea.com.ar\/web\/wp-content\/uploads\/2023\/03\/Misiones-Posadas-2023-240x300.jpeg 240w, https:\/\/apdea.com.ar\/web\/wp-content\/uploads\/2023\/03\/Misiones-Posadas-2023-768x960.jpeg 768w, https:\/\/apdea.com.ar\/web\/wp-content\/uploads\/2023\/03\/Misiones-Posadas-2023-48x60.jpeg 48w, https:\/\/apdea.com.ar\/web\/wp-content\/uploads\/2023\/03\/Misiones-Posadas-2023-600x750.jpeg 600w, https:\/\/apdea.com.ar\/web\/wp-content\/uploads\/2023\/03\/Misiones-Posadas-2023.jpeg 1080w\" sizes=\"(max-width: 819px) 100vw, 819px\" \/><\/a><\/figure>\n","protected":false},"excerpt":{"rendered":"<p>Apdea llev\u00f3 a cabo en la Ciudad de Posadas &#8211; Provincia de Misiones &#8211; un encuentro entre profesionales de la direcci\u00f3n esc\u00e9nica y trabajadoras y trabajadores de las artes. Estuvieron presentes por Apdea la directora Tatiana Santana y la directora Paula Banfi, recibidos por la directora Yaisa Brizuela, en el Auditorio de la Fundaci\u00f3n Grillos. [&hellip;]<\/p>\n","protected":false},"author":5,"featured_media":2864,"comment_status":"open","ping_status":"open","sticky":false,"template":"","format":"standard","meta":{"footnotes":""},"categories":[14],"tags":[],"class_list":{"0":"post-2863","1":"post","2":"type-post","3":"status-publish","4":"format-standard","5":"has-post-thumbnail","6":"hentry","7":"category-prensa","9":"post-with-thumbnail","10":"post-with-thumbnail-large"},"rttpg_featured_image_url":{"full":["https:\/\/apdea.com.ar\/web\/wp-content\/uploads\/2023\/03\/Misiones-Posadas-2023.jpeg",1080,1350,false],"landscape":["https:\/\/apdea.com.ar\/web\/wp-content\/uploads\/2023\/03\/Misiones-Posadas-2023.jpeg",1080,1350,false],"portraits":["https:\/\/apdea.com.ar\/web\/wp-content\/uploads\/2023\/03\/Misiones-Posadas-2023.jpeg",1080,1350,false],"thumbnail":["https:\/\/apdea.com.ar\/web\/wp-content\/uploads\/2023\/03\/Misiones-Posadas-2023-150x150.jpeg",150,150,true],"medium":["https:\/\/apdea.com.ar\/web\/wp-content\/uploads\/2023\/03\/Misiones-Posadas-2023-240x300.jpeg",240,300,true],"large":["https:\/\/apdea.com.ar\/web\/wp-content\/uploads\/2023\/03\/Misiones-Posadas-2023-819x1024.jpeg",720,900,true],"post-slider-thumb-size":["https:\/\/apdea.com.ar\/web\/wp-content\/uploads\/2023\/03\/Misiones-Posadas-2023-330x190.jpeg",330,190,true],"1536x1536":["https:\/\/apdea.com.ar\/web\/wp-content\/uploads\/2023\/03\/Misiones-Posadas-2023.jpeg",1080,1350,false],"2048x2048":["https:\/\/apdea.com.ar\/web\/wp-content\/uploads\/2023\/03\/Misiones-Posadas-2023.jpeg",1080,1350,false],"post-thumbnail":["https:\/\/apdea.com.ar\/web\/wp-content\/uploads\/2023\/03\/Misiones-Posadas-2023.jpeg",304,380,false],"vantage-thumbnail-no-sidebar":["https:\/\/apdea.com.ar\/web\/wp-content\/uploads\/2023\/03\/Misiones-Posadas-2023.jpeg",304,380,false],"vantage-slide":["https:\/\/apdea.com.ar\/web\/wp-content\/uploads\/2023\/03\/Misiones-Posadas-2023.jpeg",384,480,false],"vantage-carousel":["https:\/\/apdea.com.ar\/web\/wp-content\/uploads\/2023\/03\/Misiones-Posadas-2023.jpeg",146,182,false],"vantage-grid-loop":["https:\/\/apdea.com.ar\/web\/wp-content\/uploads\/2023\/03\/Misiones-Posadas-2023.jpeg",218,272,false],"woocommerce_thumbnail":["https:\/\/apdea.com.ar\/web\/wp-content\/uploads\/2023\/03\/Misiones-Posadas-2023-300x300.jpeg",300,300,true],"woocommerce_single":["https:\/\/apdea.com.ar\/web\/wp-content\/uploads\/2023\/03\/Misiones-Posadas-2023-600x750.jpeg",600,750,true],"woocommerce_gallery_thumbnail":["https:\/\/apdea.com.ar\/web\/wp-content\/uploads\/2023\/03\/Misiones-Posadas-2023-100x100.jpeg",100,100,true],"sow-carousel-default":["https:\/\/apdea.com.ar\/web\/wp-content\/uploads\/2023\/03\/Misiones-Posadas-2023.jpeg",146,182,false]},"rttpg_author":{"display_name":"Comisi\u00f3n de Comunicaci\u00f3n","author_link":"https:\/\/apdea.com.ar\/web\/author\/comision_de_comunicacion\/"},"rttpg_comment":0,"rttpg_category":"<a href=\"https:\/\/apdea.com.ar\/web\/category\/prensa\/\" rel=\"category tag\">Prensa &amp; difusi\u00f3n<\/a>","rttpg_excerpt":"Apdea llev\u00f3 a cabo en la Ciudad de Posadas &#8211; Provincia de Misiones &#8211; un encuentro entre profesionales de la direcci\u00f3n esc\u00e9nica y trabajadoras y trabajadores de las artes. Estuvieron presentes por Apdea la directora Tatiana Santana y la directora Paula Banfi, recibidos por la directora Yaisa Brizuela, en el Auditorio de la Fundaci\u00f3n Grillos.&hellip;","_links":{"self":[{"href":"https:\/\/apdea.com.ar\/web\/wp-json\/wp\/v2\/posts\/2863","targetHints":{"allow":["GET"]}}],"collection":[{"href":"https:\/\/apdea.com.ar\/web\/wp-json\/wp\/v2\/posts"}],"about":[{"href":"https:\/\/apdea.com.ar\/web\/wp-json\/wp\/v2\/types\/post"}],"author":[{"embeddable":true,"href":"https:\/\/apdea.com.ar\/web\/wp-json\/wp\/v2\/users\/5"}],"replies":[{"embeddable":true,"href":"https:\/\/apdea.com.ar\/web\/wp-json\/wp\/v2\/comments?post=2863"}],"version-history":[{"count":2,"href":"https:\/\/apdea.com.ar\/web\/wp-json\/wp\/v2\/posts\/2863\/revisions"}],"predecessor-version":[{"id":2866,"href":"https:\/\/apdea.com.ar\/web\/wp-json\/wp\/v2\/posts\/2863\/revisions\/2866"}],"wp:featuredmedia":[{"embeddable":true,"href":"https:\/\/apdea.com.ar\/web\/wp-json\/wp\/v2\/media\/2864"}],"wp:attachment":[{"href":"https:\/\/apdea.com.ar\/web\/wp-json\/wp\/v2\/media?parent=2863"}],"wp:term":[{"taxonomy":"category","embeddable":true,"href":"https:\/\/apdea.com.ar\/web\/wp-json\/wp\/v2\/categories?post=2863"},{"taxonomy":"post_tag","embeddable":true,"href":"https:\/\/apdea.com.ar\/web\/wp-json\/wp\/v2\/tags?post=2863"}],"curies":[{"name":"wp","href":"https:\/\/api.w.org\/{rel}","templated":true}]}}