{"id":771,"date":"2020-04-29T15:14:23","date_gmt":"2020-04-29T15:14:23","guid":{"rendered":"http:\/\/apdea.com.ar\/web\/?p=771"},"modified":"2020-05-03T18:38:15","modified_gmt":"2020-05-03T18:38:15","slug":"repercusiones-en-la-prensa","status":"publish","type":"post","link":"https:\/\/apdea.com.ar\/web\/repercusiones-en-la-prensa\/","title":{"rendered":"Repercusiones en la prensa del censo y la propuesta de APDEA"},"content":{"rendered":"\n<p class=\"has-text-color has-text-align-center has-small-font-size has-very-dark-gray-color\">Agradecemos el trabajo solidario de las compa\u00f1eras y los compa\u00f1eros trabajadores de prensa y difusi\u00f3n que nos ayudan a llegar a todos los medios.<\/p>\n\n\n\n<p class=\"has-text-color has-background has-text-align-center has-medium-font-size has-very-light-gray-color has-vivid-red-background-color\"><strong>PUBLICACIONES EN L\u00cdNEA<\/strong><\/p>\n\n\n\n<figure class=\"wp-block-gallery columns-3 is-cropped wp-block-gallery-1 is-layout-flex wp-block-gallery-is-layout-flex\"><ul class=\"blocks-gallery-grid\"><li class=\"blocks-gallery-item\"><figure><img fetchpriority=\"high\" decoding=\"async\" width=\"998\" height=\"617\" src=\"http:\/\/apdea.com.ar\/web\/wp-content\/uploads\/2020\/04\/prensa-28-4-caleidoscopio-de-lucy.jpg\" alt=\"\" data-id=\"772\" data-link=\"http:\/\/apdea.com.ar\/web\/?attachment_id=772\" class=\"wp-image-772\" srcset=\"https:\/\/apdea.com.ar\/web\/wp-content\/uploads\/2020\/04\/prensa-28-4-caleidoscopio-de-lucy.jpg 998w, https:\/\/apdea.com.ar\/web\/wp-content\/uploads\/2020\/04\/prensa-28-4-caleidoscopio-de-lucy-600x371.jpg 600w, https:\/\/apdea.com.ar\/web\/wp-content\/uploads\/2020\/04\/prensa-28-4-caleidoscopio-de-lucy-300x185.jpg 300w, https:\/\/apdea.com.ar\/web\/wp-content\/uploads\/2020\/04\/prensa-28-4-caleidoscopio-de-lucy-768x475.jpg 768w, https:\/\/apdea.com.ar\/web\/wp-content\/uploads\/2020\/04\/prensa-28-4-caleidoscopio-de-lucy-97x60.jpg 97w\" sizes=\"(max-width: 998px) 100vw, 998px\" \/><figcaption class=\"blocks-gallery-item__caption\"><a rel=\"noreferrer noopener\" href=\"https:\/\/www.elcaleidoscopiodelucy.com.ar\/2020\/04\/los-trabajadores-de-las-artes-escenicas.html\" target=\"_blank\">https:\/\/www.elcaleidoscopiodelucy.com.ar\/<\/a><br><a rel=\"noreferrer noopener\" href=\"https:\/\/www.elcaleidoscopiodelucy.com.ar\/2020\/04\/los-trabajadores-de-las-artes-escenicas.html\" target=\"_blank\">2020\/04\/los-trabajadores-de-las-artes-escenicas.html<\/a><\/figcaption><\/figure><\/li><li class=\"blocks-gallery-item\"><figure><img decoding=\"async\" width=\"998\" height=\"617\" src=\"http:\/\/apdea.com.ar\/web\/wp-content\/uploads\/2020\/04\/prensa-28-4-ambito.jpg\" alt=\"\" data-id=\"774\" data-link=\"http:\/\/apdea.com.ar\/web\/repercusiones-en-la-prensa\/prensa-28-4-ambito\/\" class=\"wp-image-774\" srcset=\"https:\/\/apdea.com.ar\/web\/wp-content\/uploads\/2020\/04\/prensa-28-4-ambito.jpg 998w, https:\/\/apdea.com.ar\/web\/wp-content\/uploads\/2020\/04\/prensa-28-4-ambito-600x371.jpg 600w, https:\/\/apdea.com.ar\/web\/wp-content\/uploads\/2020\/04\/prensa-28-4-ambito-300x185.jpg 300w, https:\/\/apdea.com.ar\/web\/wp-content\/uploads\/2020\/04\/prensa-28-4-ambito-768x475.jpg 768w, https:\/\/apdea.com.ar\/web\/wp-content\/uploads\/2020\/04\/prensa-28-4-ambito-97x60.jpg 97w\" sizes=\"(max-width: 998px) 100vw, 998px\" \/><figcaption class=\"blocks-gallery-item__caption\"><a href=\"https:\/\/www.ambito.com\/espectaculos\/teatro-suspendido-la-crisis-cifras-n5098704\" target=\"_blank\" rel=\"noreferrer noopener\">https:\/\/www.ambito.com\/espectaculos\/teatro-suspendido-la-crisis-cifras-n5098704<\/a><\/figcaption><\/figure><\/li><li class=\"blocks-gallery-item\"><figure><img decoding=\"async\" width=\"998\" height=\"617\" src=\"http:\/\/apdea.com.ar\/web\/wp-content\/uploads\/2020\/04\/prensa-28-4-auno.jpg\" alt=\"\" data-id=\"776\" data-link=\"http:\/\/apdea.com.ar\/web\/repercusiones-en-la-prensa\/prensa-28-4-auno\/\" class=\"wp-image-776\" srcset=\"https:\/\/apdea.com.ar\/web\/wp-content\/uploads\/2020\/04\/prensa-28-4-auno.jpg 998w, https:\/\/apdea.com.ar\/web\/wp-content\/uploads\/2020\/04\/prensa-28-4-auno-600x371.jpg 600w, https:\/\/apdea.com.ar\/web\/wp-content\/uploads\/2020\/04\/prensa-28-4-auno-300x185.jpg 300w, https:\/\/apdea.com.ar\/web\/wp-content\/uploads\/2020\/04\/prensa-28-4-auno-768x475.jpg 768w, https:\/\/apdea.com.ar\/web\/wp-content\/uploads\/2020\/04\/prensa-28-4-auno-97x60.jpg 97w\" sizes=\"(max-width: 998px) 100vw, 998px\" \/><figcaption class=\"blocks-gallery-item__caption\"><a href=\"https:\/\/auno.org.ar\/coronavirus-el-drama-de-los-artistas-escenicos\/\" target=\"_blank\" rel=\"noreferrer noopener\">https:\/\/auno.org.ar\/coronavirus-el-drama-de-los-artistas-escenicos\/<\/a><\/figcaption><\/figure><\/li><li class=\"blocks-gallery-item\"><figure><img loading=\"lazy\" decoding=\"async\" width=\"998\" height=\"617\" src=\"http:\/\/apdea.com.ar\/web\/wp-content\/uploads\/2020\/04\/prensa-28-4-revista-aoz.jpg\" alt=\"\" data-id=\"778\" data-link=\"http:\/\/apdea.com.ar\/web\/repercusiones-en-la-prensa\/prensa-28-4-revista-aoz\/\" class=\"wp-image-778\" srcset=\"https:\/\/apdea.com.ar\/web\/wp-content\/uploads\/2020\/04\/prensa-28-4-revista-aoz.jpg 998w, https:\/\/apdea.com.ar\/web\/wp-content\/uploads\/2020\/04\/prensa-28-4-revista-aoz-600x371.jpg 600w, https:\/\/apdea.com.ar\/web\/wp-content\/uploads\/2020\/04\/prensa-28-4-revista-aoz-300x185.jpg 300w, https:\/\/apdea.com.ar\/web\/wp-content\/uploads\/2020\/04\/prensa-28-4-revista-aoz-768x475.jpg 768w, https:\/\/apdea.com.ar\/web\/wp-content\/uploads\/2020\/04\/prensa-28-4-revista-aoz-97x60.jpg 97w\" sizes=\"(max-width: 998px) 100vw, 998px\" \/><figcaption class=\"blocks-gallery-item__caption\"><a href=\"https:\/\/revistaoz.com\/oz-teatro\/apdea-presenta-propuesta-para-los-trabajadores-de-las-artes-escenicas\/\" target=\"_blank\" rel=\"noreferrer noopener\">https:\/\/revistaoz.com\/oz-teatro\/apdea-presenta-propuesta-para-los-trabajadores-de-las-artes-escenicas\/<\/a><\/figcaption><\/figure><\/li><li class=\"blocks-gallery-item\"><figure><img loading=\"lazy\" decoding=\"async\" width=\"998\" height=\"617\" src=\"http:\/\/apdea.com.ar\/web\/wp-content\/uploads\/2020\/04\/prensa-28-4-arte-y-sociedad.jpg\" alt=\"\" data-id=\"780\" data-link=\"http:\/\/apdea.com.ar\/web\/repercusiones-en-la-prensa\/prensa-28-4-arte-y-sociedad\/\" class=\"wp-image-780\" srcset=\"https:\/\/apdea.com.ar\/web\/wp-content\/uploads\/2020\/04\/prensa-28-4-arte-y-sociedad.jpg 998w, https:\/\/apdea.com.ar\/web\/wp-content\/uploads\/2020\/04\/prensa-28-4-arte-y-sociedad-600x371.jpg 600w, https:\/\/apdea.com.ar\/web\/wp-content\/uploads\/2020\/04\/prensa-28-4-arte-y-sociedad-300x185.jpg 300w, https:\/\/apdea.com.ar\/web\/wp-content\/uploads\/2020\/04\/prensa-28-4-arte-y-sociedad-768x475.jpg 768w, https:\/\/apdea.com.ar\/web\/wp-content\/uploads\/2020\/04\/prensa-28-4-arte-y-sociedad-97x60.jpg 97w\" sizes=\"(max-width: 998px) 100vw, 998px\" \/><figcaption class=\"blocks-gallery-item__caption\"><a href=\"https:\/\/arteysociedad.com.ar\/un-censo-de-apdea-da-cuenta-de-la-grave-situacion-en-la-que-esta-la-escena-nacional-reclaman-ayuda-de-emergencia\/\" target=\"_blank\" rel=\"noreferrer noopener\">https:\/\/arteysociedad.com.ar\/un-censo-de-apdea-da-cuenta-de-la-grave-situacion-en-la-que-esta-la-escena-nacional-reclaman-ayuda-de-emergencia\/<\/a><\/figcaption><\/figure><\/li><li class=\"blocks-gallery-item\"><figure><img loading=\"lazy\" decoding=\"async\" width=\"998\" height=\"617\" src=\"http:\/\/apdea.com.ar\/web\/wp-content\/uploads\/2020\/04\/prensa-28-4-algo-pasa-en-baires.jpg\" alt=\"\" data-id=\"781\" data-link=\"http:\/\/apdea.com.ar\/web\/repercusiones-en-la-prensa\/prensa-28-4-algo-pasa-en-baires\/\" class=\"wp-image-781\" srcset=\"https:\/\/apdea.com.ar\/web\/wp-content\/uploads\/2020\/04\/prensa-28-4-algo-pasa-en-baires.jpg 998w, https:\/\/apdea.com.ar\/web\/wp-content\/uploads\/2020\/04\/prensa-28-4-algo-pasa-en-baires-600x371.jpg 600w, https:\/\/apdea.com.ar\/web\/wp-content\/uploads\/2020\/04\/prensa-28-4-algo-pasa-en-baires-300x185.jpg 300w, https:\/\/apdea.com.ar\/web\/wp-content\/uploads\/2020\/04\/prensa-28-4-algo-pasa-en-baires-768x475.jpg 768w, https:\/\/apdea.com.ar\/web\/wp-content\/uploads\/2020\/04\/prensa-28-4-algo-pasa-en-baires-97x60.jpg 97w\" sizes=\"(max-width: 998px) 100vw, 998px\" \/><figcaption class=\"blocks-gallery-item__caption\"><a href=\"http:\/\/algopasabuenosaires.com.ar\/trabajadores-de-artes-escenicas\/\" target=\"_blank\" rel=\"noreferrer noopener\">http:\/\/algopasabuenosaires.com.ar\/trabajadores-de-artes-escenicas\/<\/a><\/figcaption><\/figure><\/li><li class=\"blocks-gallery-item\"><figure><img loading=\"lazy\" decoding=\"async\" width=\"998\" height=\"617\" src=\"http:\/\/apdea.com.ar\/web\/wp-content\/uploads\/2020\/04\/prensa-28-4-fellinia.jpg\" alt=\"\" data-id=\"785\" data-full-url=\"http:\/\/apdea.com.ar\/web\/wp-content\/uploads\/2020\/04\/prensa-28-4-fellinia.jpg\" data-link=\"http:\/\/apdea.com.ar\/web\/repercusiones-en-la-prensa\/prensa-28-4-fellinia\/\" class=\"wp-image-785\" srcset=\"https:\/\/apdea.com.ar\/web\/wp-content\/uploads\/2020\/04\/prensa-28-4-fellinia.jpg 998w, https:\/\/apdea.com.ar\/web\/wp-content\/uploads\/2020\/04\/prensa-28-4-fellinia-600x371.jpg 600w, https:\/\/apdea.com.ar\/web\/wp-content\/uploads\/2020\/04\/prensa-28-4-fellinia-300x185.jpg 300w, https:\/\/apdea.com.ar\/web\/wp-content\/uploads\/2020\/04\/prensa-28-4-fellinia-768x475.jpg 768w, https:\/\/apdea.com.ar\/web\/wp-content\/uploads\/2020\/04\/prensa-28-4-fellinia-97x60.jpg 97w\" sizes=\"(max-width: 998px) 100vw, 998px\" \/><figcaption class=\"blocks-gallery-item__caption\"><a href=\"http:\/\/www.fellinia.com.ar\/pdea-presenta-propuesta-para-los-trabajadores-de-las-artes-escenicas\/\" target=\"_blank\" rel=\"noreferrer noopener\">http:\/\/www.fellinia.com.ar\/pdea-presenta-propuesta-para-los-trabajadores-de-las-artes-escenicas\/<\/a><\/figcaption><\/figure><\/li><\/ul><\/figure>\n\n\n\n<p class=\"has-text-color has-background has-text-align-center has-medium-font-size has-very-light-gray-color has-vivid-red-background-color\"><strong>RADIO<\/strong><\/p>\n\n\n\n<figure class=\"wp-block-embed-youtube wp-block-embed is-type-video is-provider-youtube wp-embed-aspect-4-3 wp-has-aspect-ratio\"><div class=\"wp-block-embed__wrapper\">\n<iframe title=\"SIN RED.-ANA  ALVARADO Directora de Teatro-\" width=\"720\" height=\"540\" src=\"https:\/\/www.youtube.com\/embed\/JlTKV5ekPvo?feature=oembed\" frameborder=\"0\" allow=\"accelerometer; autoplay; clipboard-write; encrypted-media; gyroscope; picture-in-picture; web-share\" referrerpolicy=\"strict-origin-when-cross-origin\" allowfullscreen><\/iframe>\n<\/div><figcaption>Entrevista a ANA ALVARADO<\/figcaption><\/figure>\n","protected":false},"excerpt":{"rendered":"<p>Agradecemos el trabajo solidario de las compa\u00f1eras y los compa\u00f1eros trabajadores de prensa y difusi\u00f3n que nos ayudan a llegar a todos los medios. PUBLICACIONES EN L\u00cdNEA RADIO<\/p>\n","protected":false},"author":96739723,"featured_media":772,"comment_status":"open","ping_status":"open","sticky":false,"template":"","format":"standard","meta":{"footnotes":""},"categories":[14],"tags":[],"class_list":{"0":"post-771","1":"post","2":"type-post","3":"status-publish","4":"format-standard","5":"has-post-thumbnail","6":"hentry","7":"category-prensa","9":"post-with-thumbnail","10":"post-with-thumbnail-large"},"rttpg_featured_image_url":{"full":["https:\/\/apdea.com.ar\/web\/wp-content\/uploads\/2020\/04\/prensa-28-4-caleidoscopio-de-lucy.jpg",998,617,false],"landscape":["https:\/\/apdea.com.ar\/web\/wp-content\/uploads\/2020\/04\/prensa-28-4-caleidoscopio-de-lucy.jpg",998,617,false],"portraits":["https:\/\/apdea.com.ar\/web\/wp-content\/uploads\/2020\/04\/prensa-28-4-caleidoscopio-de-lucy.jpg",998,617,false],"thumbnail":["https:\/\/apdea.com.ar\/web\/wp-content\/uploads\/2020\/04\/prensa-28-4-caleidoscopio-de-lucy-150x150.jpg",150,150,true],"medium":["https:\/\/apdea.com.ar\/web\/wp-content\/uploads\/2020\/04\/prensa-28-4-caleidoscopio-de-lucy-300x185.jpg",300,185,true],"large":["https:\/\/apdea.com.ar\/web\/wp-content\/uploads\/2020\/04\/prensa-28-4-caleidoscopio-de-lucy.jpg",720,445,false],"post-slider-thumb-size":["https:\/\/apdea.com.ar\/web\/wp-content\/uploads\/2020\/04\/prensa-28-4-caleidoscopio-de-lucy.jpg",307,190,false],"1536x1536":["https:\/\/apdea.com.ar\/web\/wp-content\/uploads\/2020\/04\/prensa-28-4-caleidoscopio-de-lucy.jpg",998,617,false],"2048x2048":["https:\/\/apdea.com.ar\/web\/wp-content\/uploads\/2020\/04\/prensa-28-4-caleidoscopio-de-lucy.jpg",998,617,false],"post-thumbnail":["https:\/\/apdea.com.ar\/web\/wp-content\/uploads\/2020\/04\/prensa-28-4-caleidoscopio-de-lucy.jpg",615,380,false],"vantage-thumbnail-no-sidebar":["https:\/\/apdea.com.ar\/web\/wp-content\/uploads\/2020\/04\/prensa-28-4-caleidoscopio-de-lucy.jpg",615,380,false],"vantage-slide":["https:\/\/apdea.com.ar\/web\/wp-content\/uploads\/2020\/04\/prensa-28-4-caleidoscopio-de-lucy.jpg",776,480,false],"vantage-carousel":["https:\/\/apdea.com.ar\/web\/wp-content\/uploads\/2020\/04\/prensa-28-4-caleidoscopio-de-lucy.jpg",272,168,false],"vantage-grid-loop":["https:\/\/apdea.com.ar\/web\/wp-content\/uploads\/2020\/04\/prensa-28-4-caleidoscopio-de-lucy.jpg",436,270,false],"woocommerce_thumbnail":["https:\/\/apdea.com.ar\/web\/wp-content\/uploads\/2020\/04\/prensa-28-4-caleidoscopio-de-lucy-300x300.jpg",300,300,true],"woocommerce_single":["https:\/\/apdea.com.ar\/web\/wp-content\/uploads\/2020\/04\/prensa-28-4-caleidoscopio-de-lucy-600x371.jpg",600,371,true],"woocommerce_gallery_thumbnail":["https:\/\/apdea.com.ar\/web\/wp-content\/uploads\/2020\/04\/prensa-28-4-caleidoscopio-de-lucy-100x100.jpg",100,100,true],"sow-carousel-default":["https:\/\/apdea.com.ar\/web\/wp-content\/uploads\/2020\/04\/prensa-28-4-caleidoscopio-de-lucy.jpg",272,168,false]},"rttpg_author":{"display_name":"Webmaster Dos","author_link":"https:\/\/apdea.com.ar\/web\/author\/webmaster2\/"},"rttpg_comment":0,"rttpg_category":"<a href=\"https:\/\/apdea.com.ar\/web\/category\/prensa\/\" rel=\"category tag\">Prensa &amp; difusi\u00f3n<\/a>","rttpg_excerpt":"Agradecemos el trabajo solidario de las compa\u00f1eras y los compa\u00f1eros trabajadores de prensa y difusi\u00f3n que nos ayudan a llegar a todos los medios. PUBLICACIONES EN L\u00cdNEA RADIO","_links":{"self":[{"href":"https:\/\/apdea.com.ar\/web\/wp-json\/wp\/v2\/posts\/771","targetHints":{"allow":["GET"]}}],"collection":[{"href":"https:\/\/apdea.com.ar\/web\/wp-json\/wp\/v2\/posts"}],"about":[{"href":"https:\/\/apdea.com.ar\/web\/wp-json\/wp\/v2\/types\/post"}],"author":[{"embeddable":true,"href":"https:\/\/apdea.com.ar\/web\/wp-json\/wp\/v2\/users\/96739723"}],"replies":[{"embeddable":true,"href":"https:\/\/apdea.com.ar\/web\/wp-json\/wp\/v2\/comments?post=771"}],"version-history":[{"count":9,"href":"https:\/\/apdea.com.ar\/web\/wp-json\/wp\/v2\/posts\/771\/revisions"}],"predecessor-version":[{"id":793,"href":"https:\/\/apdea.com.ar\/web\/wp-json\/wp\/v2\/posts\/771\/revisions\/793"}],"wp:featuredmedia":[{"embeddable":true,"href":"https:\/\/apdea.com.ar\/web\/wp-json\/wp\/v2\/media\/772"}],"wp:attachment":[{"href":"https:\/\/apdea.com.ar\/web\/wp-json\/wp\/v2\/media?parent=771"}],"wp:term":[{"taxonomy":"category","embeddable":true,"href":"https:\/\/apdea.com.ar\/web\/wp-json\/wp\/v2\/categories?post=771"},{"taxonomy":"post_tag","embeddable":true,"href":"https:\/\/apdea.com.ar\/web\/wp-json\/wp\/v2\/tags?post=771"}],"curies":[{"name":"wp","href":"https:\/\/api.w.org\/{rel}","templated":true}]}}